{"id":5780,"date":"2019-11-20T10:18:00","date_gmt":"2019-11-20T09:18:00","guid":{"rendered":"http:\/\/agora.xtec.cat\/ceip-falba\/?p=5780"},"modified":"2019-11-20T10:18:00","modified_gmt":"2019-11-20T09:18:00","slug":"el-grup-1-grava-el-primer-programa-de-font-tv","status":"publish","type":"post","link":"https:\/\/agora.xtec.cat\/ceip-falba\/portada\/el-grup-1-grava-el-primer-programa-de-font-tv\/","title":{"rendered":"EL GRUP 1 GRAVA EL PRIMER PROGRAMA DE FONT TV"},"content":{"rendered":"<p>El passat dimecres 13 de novembre vam gravar el primer programa de Font TV.<\/p>\n<p>L&#8217;experi\u00e8ncia va ser molt maca, per\u00f2<span style=\"font-family: inherit; font-size: 1em;\"> est\u00e0vem una mica nerviosos.\u00a0\u00a0<\/span><\/p>\n<p>Vam aprendre a col\u00b7locar els focus, les c\u00e0meres, el micro, el croma, el\u00a0 promter, etc<\/p>\n<p>Us deixem una foto del making off.<\/p>\n<p>Aviat penjarem el programa al YouTube i a la pagina web de l&#8217;escola.<\/p>\n<p>Adam Nigrou, Yassin Zeroual i Salma Bouaouda de 6\u00e8B.<a href=\"https:\/\/agora.xtec.cat\/ceip-falba\/wp-content\/uploads\/usu658\/2019\/11\/1957e832-705b-48a2-84af-5c5e67a098cd-1.jpg\"><img loading=\"lazy\" decoding=\"async\" class=\"alignnone size-large wp-image-5781\" src=\"https:\/\/agora.xtec.cat\/ceip-falba\/wp-content\/uploads\/usu658\/2019\/11\/1957e832-705b-48a2-84af-5c5e67a098cd-1-1024x768.jpg\" alt=\"\" width=\"1024\" height=\"768\" srcset=\"https:\/\/agora.xtec.cat\/ceip-falba\/wp-content\/uploads\/usu658\/2019\/11\/1957e832-705b-48a2-84af-5c5e67a098cd-1-1024x768.jpg 1024w, https:\/\/agora.xtec.cat\/ceip-falba\/wp-content\/uploads\/usu658\/2019\/11\/1957e832-705b-48a2-84af-5c5e67a098cd-1-300x225.jpg 300w, https:\/\/agora.xtec.cat\/ceip-falba\/wp-content\/uploads\/usu658\/2019\/11\/1957e832-705b-48a2-84af-5c5e67a098cd-1-768x576.jpg 768w, https:\/\/agora.xtec.cat\/ceip-falba\/wp-content\/uploads\/usu658\/2019\/11\/1957e832-705b-48a2-84af-5c5e67a098cd-1-200x150.jpg 200w, https:\/\/agora.xtec.cat\/ceip-falba\/wp-content\/uploads\/usu658\/2019\/11\/1957e832-705b-48a2-84af-5c5e67a098cd-1.jpg 1984w\" sizes=\"auto, (max-width: 1024px) 100vw, 1024px\" \/><\/a><\/p>\n","protected":false},"excerpt":{"rendered":"<p>El passat dimecres 13 de novembre vam gravar el primer programa de Font TV.<br \/>\nL&#8217;experi\u00e8ncia va ser molt maca, per\u00f2 est\u00e0vem una mica nerviosos.\u00a0\u00a0<br \/>\nVam aprendre a col\u00b7locar els focus, les c\u00e0meres, el micro, el croma, el\u00a0 promter, etc<br \/>\nUs deixem una foto del making off.<br \/>\nAviat penjarem el&hellip;  <a href=\"https:\/\/agora.xtec.cat\/ceip-falba\/portada\/el-grup-1-grava-el-primer-programa-de-font-tv\/\" title=\"Read EL GRUP 1 GRAVA EL PRIMER PROGRAMA DE FONT TV\">Llegeix m\u00e9s\u00bb<\/a><\/p>\n","protected":false},"author":25,"featured_media":5781,"comment_status":"closed","ping_status":"closed","sticky":false,"template":"","format":"standard","meta":{"_bbp_topic_count":0,"_bbp_reply_count":0,"_bbp_total_topic_count":0,"_bbp_total_reply_count":0,"_bbp_voice_count":0,"_bbp_anonymous_reply_count":0,"_bbp_topic_count_hidden":0,"_bbp_reply_count_hidden":0,"_bbp_forum_subforum_count":0,"footnotes":""},"categories":[15,262,26,4],"tags":[],"class_list":["post-5780","post","type-post","status-publish","format-standard","has-post-thumbnail","hentry","category-6e","category-curs-2019-20","category-fonttv","category-portada"],"post_mailing_queue_ids":[],"_links":{"self":[{"href":"https:\/\/agora.xtec.cat\/ceip-falba\/wp-json\/wp\/v2\/posts\/5780","targetHints":{"allow":["GET"]}}],"collection":[{"href":"https:\/\/agora.xtec.cat\/ceip-falba\/wp-json\/wp\/v2\/posts"}],"about":[{"href":"https:\/\/agora.xtec.cat\/ceip-falba\/wp-json\/wp\/v2\/types\/post"}],"author":[{"embeddable":true,"href":"https:\/\/agora.xtec.cat\/ceip-falba\/wp-json\/wp\/v2\/users\/25"}],"replies":[{"embeddable":true,"href":"https:\/\/agora.xtec.cat\/ceip-falba\/wp-json\/wp\/v2\/comments?post=5780"}],"version-history":[{"count":1,"href":"https:\/\/agora.xtec.cat\/ceip-falba\/wp-json\/wp\/v2\/posts\/5780\/revisions"}],"predecessor-version":[{"id":5782,"href":"https:\/\/agora.xtec.cat\/ceip-falba\/wp-json\/wp\/v2\/posts\/5780\/revisions\/5782"}],"wp:featuredmedia":[{"embeddable":true,"href":"https:\/\/agora.xtec.cat\/ceip-falba\/wp-json\/wp\/v2\/media\/5781"}],"wp:attachment":[{"href":"https:\/\/agora.xtec.cat\/ceip-falba\/wp-json\/wp\/v2\/media?parent=5780"}],"wp:term":[{"taxonomy":"category","embeddable":true,"href":"https:\/\/agora.xtec.cat\/ceip-falba\/wp-json\/wp\/v2\/categories?post=5780"},{"taxonomy":"post_tag","embeddable":true,"href":"https:\/\/agora.xtec.cat\/ceip-falba\/wp-json\/wp\/v2\/tags?post=5780"}],"curies":[{"name":"wp","href":"https:\/\/api.w.org\/{rel}","templated":true}]}}