{"id":5423,"date":"2019-06-07T21:28:16","date_gmt":"2019-06-07T19:28:16","guid":{"rendered":"http:\/\/agora.xtec.cat\/ceip-falba\/?p=5423"},"modified":"2020-07-09T03:34:49","modified_gmt":"2020-07-09T01:34:49","slug":"les-cooperatives-de-cinque-venen-al-mercadal","status":"publish","type":"post","link":"https:\/\/agora.xtec.cat\/ceip-falba\/portada\/les-cooperatives-de-cinque-venen-al-mercadal\/","title":{"rendered":"Les cooperatives de cinqu\u00e8 venen al Mercadal"},"content":{"rendered":"<p>El 5 de juny va arribar el gran dia! Els nens i <a href='https:\/\/www.365inflatable.com.au\/a057-toddler-bouncy-castle-for-sale.html'>toddler bouncy castle for sale<\/a> nenes de 5\u00e8 van estar al Mercadal venen els productes artesanals que han dissenyat i elaborat a les seves cooperatives. Part dels guanys aniran a la Fundaci\u00f3 Fero contra el c\u00e0ncer. Ha estat una experi\u00e8ncia molt interessant, real i plena de satisfacci\u00f3!<a href=\"https:\/\/agora.xtec.cat\/ceip-falba\/wp-content\/uploads\/usu658\/2019\/06\/IMG_20190607_211012.png\"><img loading=\"lazy\" decoding=\"async\" class=\"alignnone size-large wp-image-5424\" src=\"https:\/\/agora.xtec.cat\/ceip-falba\/wp-content\/uploads\/usu658\/2019\/06\/IMG_20190607_211012-1024x702.png\" alt=\"\" width=\"1024\" height=\"702\" srcset=\"https:\/\/agora.xtec.cat\/ceip-falba\/wp-content\/uploads\/usu658\/2019\/06\/IMG_20190607_211012-1024x702.png 1024w, https:\/\/agora.xtec.cat\/ceip-falba\/wp-content\/uploads\/usu658\/2019\/06\/IMG_20190607_211012-300x206.png 300w, https:\/\/agora.xtec.cat\/ceip-falba\/wp-content\/uploads\/usu658\/2019\/06\/IMG_20190607_211012-768x526.png 768w, https:\/\/agora.xtec.cat\/ceip-falba\/wp-content\/uploads\/usu658\/2019\/06\/IMG_20190607_211012.png 1080w\" sizes=\"auto, (max-width: 1024px) 100vw, 1024px\" \/><\/a> <a href=\"https:\/\/agora.xtec.cat\/ceip-falba\/wp-content\/uploads\/usu658\/2019\/06\/IMG_20190607_211032.png\"><img loading=\"lazy\" decoding=\"async\" class=\"alignnone size-large wp-image-5425\" src=\"https:\/\/agora.xtec.cat\/ceip-falba\/wp-content\/uploads\/usu658\/2019\/06\/IMG_20190607_211032-1024x767.png\" alt=\"\" width=\"1024\" height=\"767\" srcset=\"https:\/\/agora.xtec.cat\/ceip-falba\/wp-content\/uploads\/usu658\/2019\/06\/IMG_20190607_211032-1024x767.png 1024w, https:\/\/agora.xtec.cat\/ceip-falba\/wp-content\/uploads\/usu658\/2019\/06\/IMG_20190607_211032-300x225.png 300w, https:\/\/agora.xtec.cat\/ceip-falba\/wp-content\/uploads\/usu658\/2019\/06\/IMG_20190607_211032-768x575.png 768w, https:\/\/agora.xtec.cat\/ceip-falba\/wp-content\/uploads\/usu658\/2019\/06\/IMG_20190607_211032-200x150.png 200w, https:\/\/agora.xtec.cat\/ceip-falba\/wp-content\/uploads\/usu658\/2019\/06\/IMG_20190607_211032.png 1080w\" sizes=\"auto, (max-width: 1024px) 100vw, 1024px\" \/><\/a> <a href=\"https:\/\/agora.xtec.cat\/ceip-falba\/wp-content\/uploads\/usu658\/2019\/06\/IMG_20190607_212216.png\"><img loading=\"lazy\" decoding=\"async\" class=\"alignnone size-large wp-image-5426\" src=\"https:\/\/agora.xtec.cat\/ceip-falba\/wp-content\/uploads\/usu658\/2019\/06\/IMG_20190607_212216-1024x738.png\" alt=\"\" width=\"1024\" height=\"738\" srcset=\"https:\/\/agora.xtec.cat\/ceip-falba\/wp-content\/uploads\/usu658\/2019\/06\/IMG_20190607_212216-1024x738.png 1024w, https:\/\/agora.xtec.cat\/ceip-falba\/wp-content\/uploads\/usu658\/2019\/06\/IMG_20190607_212216-300x216.png 300w, https:\/\/agora.xtec.cat\/ceip-falba\/wp-content\/uploads\/usu658\/2019\/06\/IMG_20190607_212216-768x553.png 768w, https:\/\/agora.xtec.cat\/ceip-falba\/wp-content\/uploads\/usu658\/2019\/06\/IMG_20190607_212216.png 1080w\" sizes=\"auto, (max-width: 1024px) 100vw, 1024px\" \/><\/a><\/p>\n","protected":false},"excerpt":{"rendered":"<p>Les cooperatives de cinqu\u00e8 han venut gaireb\u00e9 tots els seus productes fets a m\u00e0 al mercadal. &hellip;  <a href=\"https:\/\/agora.xtec.cat\/ceip-falba\/portada\/les-cooperatives-de-cinque-venen-al-mercadal\/\" title=\"Read Les cooperatives de cinqu\u00e8 venen al Mercadal\">Llegeix m\u00e9s\u00bb<\/a><\/p>\n","protected":false},"author":48,"featured_media":5427,"comment_status":"closed","ping_status":"closed","sticky":false,"template":"","format":"standard","meta":{"_bbp_topic_count":0,"_bbp_reply_count":0,"_bbp_total_topic_count":0,"_bbp_total_reply_count":0,"_bbp_voice_count":0,"_bbp_anonymous_reply_count":0,"_bbp_topic_count_hidden":0,"_bbp_reply_count_hidden":0,"_bbp_forum_subforum_count":0,"footnotes":""},"categories":[14,224,4],"tags":[236,239],"class_list":["post-5423","post","type-post","status-publish","format-standard","has-post-thumbnail","hentry","category-5e","category-curs-2018-19","category-portada","tag-ciclesuperior","tag-projecte-emprenedoria"],"post_mailing_queue_ids":[],"_links":{"self":[{"href":"https:\/\/agora.xtec.cat\/ceip-falba\/wp-json\/wp\/v2\/posts\/5423","targetHints":{"allow":["GET"]}}],"collection":[{"href":"https:\/\/agora.xtec.cat\/ceip-falba\/wp-json\/wp\/v2\/posts"}],"about":[{"href":"https:\/\/agora.xtec.cat\/ceip-falba\/wp-json\/wp\/v2\/types\/post"}],"author":[{"embeddable":true,"href":"https:\/\/agora.xtec.cat\/ceip-falba\/wp-json\/wp\/v2\/users\/48"}],"replies":[{"embeddable":true,"href":"https:\/\/agora.xtec.cat\/ceip-falba\/wp-json\/wp\/v2\/comments?post=5423"}],"version-history":[{"count":2,"href":"https:\/\/agora.xtec.cat\/ceip-falba\/wp-json\/wp\/v2\/posts\/5423\/revisions"}],"predecessor-version":[{"id":6957,"href":"https:\/\/agora.xtec.cat\/ceip-falba\/wp-json\/wp\/v2\/posts\/5423\/revisions\/6957"}],"wp:featuredmedia":[{"embeddable":true,"href":"https:\/\/agora.xtec.cat\/ceip-falba\/wp-json\/wp\/v2\/media\/5427"}],"wp:attachment":[{"href":"https:\/\/agora.xtec.cat\/ceip-falba\/wp-json\/wp\/v2\/media?parent=5423"}],"wp:term":[{"taxonomy":"category","embeddable":true,"href":"https:\/\/agora.xtec.cat\/ceip-falba\/wp-json\/wp\/v2\/categories?post=5423"},{"taxonomy":"post_tag","embeddable":true,"href":"https:\/\/agora.xtec.cat\/ceip-falba\/wp-json\/wp\/v2\/tags?post=5423"}],"curies":[{"name":"wp","href":"https:\/\/api.w.org\/{rel}","templated":true}]}}