{"id":5343,"date":"2019-06-18T10:15:05","date_gmt":"2019-06-18T08:15:05","guid":{"rendered":"http:\/\/agora.xtec.cat\/ceip-falba\/?p=5343"},"modified":"2019-06-18T10:15:05","modified_gmt":"2019-06-18T08:15:05","slug":"un-dia-de-noves-experiencies","status":"publish","type":"post","link":"https:\/\/agora.xtec.cat\/ceip-falba\/general\/un-dia-de-noves-experiencies\/","title":{"rendered":"UN DIA DE NOVES EXPERI\u00c8NCIES."},"content":{"rendered":"<p>S\u00f3m la Judith i el Gabriel, alumnes de 5\u00e8A, i el dia 26 d&#8217;abril vam anar a la semifinal de lectura en veu alta a Barcelona, que es va celebrar a l&#8217;auditori de Caixa F\u00f2rum. Va ser un dia de noves experi\u00e8ncies i emocions. Volem donar moltes gr\u00e0cies als nostres familiars i especialment als companys,\u00a0 als mestres, a la nostre tutora Maria Jes\u00fas i al Toni pel seu recolzament incondicional.<\/p>\n<p style=\"text-align: right;\">Judith M\u00e1rquez i Gabriel Mosqueda.<\/p>\n<p>&nbsp;<\/p>\n<p style=\"text-align: center;\">\n","protected":false},"excerpt":{"rendered":"<p>S\u00f3m la Judith i el Gabriel, alumnes de 5\u00e8A, i el dia 26 d&#8217;abril vam anar a la semifinal de lectura en veu alta a Barcelona, que es va celebrar a l&#8217;auditori de Caixa F\u00f2rum. Va ser un dia de noves experi\u00e8ncies i emocions. Volem&hellip;  <a href=\"https:\/\/agora.xtec.cat\/ceip-falba\/general\/un-dia-de-noves-experiencies\/\" title=\"Read UN DIA DE NOVES EXPERI\u00c8NCIES.\">Llegeix m\u00e9s\u00bb<\/a><\/p>\n","protected":false},"author":1,"featured_media":5439,"comment_status":"closed","ping_status":"closed","sticky":false,"template":"","format":"standard","meta":{"_bbp_topic_count":0,"_bbp_reply_count":0,"_bbp_total_topic_count":0,"_bbp_total_reply_count":0,"_bbp_voice_count":0,"_bbp_anonymous_reply_count":0,"_bbp_topic_count_hidden":0,"_bbp_reply_count_hidden":0,"_bbp_forum_subforum_count":0,"footnotes":""},"categories":[14,224,1,4,25],"tags":[],"class_list":["post-5343","post","type-post","status-publish","format-standard","has-post-thumbnail","hentry","category-5e","category-curs-2018-19","category-general","category-portada","category-projectesescola"],"post_mailing_queue_ids":[],"_links":{"self":[{"href":"https:\/\/agora.xtec.cat\/ceip-falba\/wp-json\/wp\/v2\/posts\/5343","targetHints":{"allow":["GET"]}}],"collection":[{"href":"https:\/\/agora.xtec.cat\/ceip-falba\/wp-json\/wp\/v2\/posts"}],"about":[{"href":"https:\/\/agora.xtec.cat\/ceip-falba\/wp-json\/wp\/v2\/types\/post"}],"author":[{"embeddable":true,"href":"https:\/\/agora.xtec.cat\/ceip-falba\/wp-json\/wp\/v2\/users\/1"}],"replies":[{"embeddable":true,"href":"https:\/\/agora.xtec.cat\/ceip-falba\/wp-json\/wp\/v2\/comments?post=5343"}],"version-history":[{"count":2,"href":"https:\/\/agora.xtec.cat\/ceip-falba\/wp-json\/wp\/v2\/posts\/5343\/revisions"}],"predecessor-version":[{"id":5440,"href":"https:\/\/agora.xtec.cat\/ceip-falba\/wp-json\/wp\/v2\/posts\/5343\/revisions\/5440"}],"wp:featuredmedia":[{"embeddable":true,"href":"https:\/\/agora.xtec.cat\/ceip-falba\/wp-json\/wp\/v2\/media\/5439"}],"wp:attachment":[{"href":"https:\/\/agora.xtec.cat\/ceip-falba\/wp-json\/wp\/v2\/media?parent=5343"}],"wp:term":[{"taxonomy":"category","embeddable":true,"href":"https:\/\/agora.xtec.cat\/ceip-falba\/wp-json\/wp\/v2\/categories?post=5343"},{"taxonomy":"post_tag","embeddable":true,"href":"https:\/\/agora.xtec.cat\/ceip-falba\/wp-json\/wp\/v2\/tags?post=5343"}],"curies":[{"name":"wp","href":"https:\/\/api.w.org\/{rel}","templated":true}]}}