{"id":5293,"date":"2019-04-25T09:52:04","date_gmt":"2019-04-25T07:52:04","guid":{"rendered":"http:\/\/agora.xtec.cat\/ceip-falba\/?p=5293"},"modified":"2019-04-25T09:52:04","modified_gmt":"2019-04-25T07:52:04","slug":"els-colors-den-silva","status":"publish","type":"post","link":"https:\/\/agora.xtec.cat\/ceip-falba\/portada\/els-colors-den-silva\/","title":{"rendered":"ELS COLORS D&#8217;EN SILV\u00c0"},"content":{"rendered":"<p>El mes d&#8217;abril \u00e9s el mes de la literatura per excel\u00b7l\u00e8ncia, i com els nens i nenes de la classe dels ROBOTS ja som uns grans lectors i lectores, ens encanta llegir i escoltar hist\u00f2ries. Els JOCS FLORALS ens han regalat un conte preci\u00f3s anomenat ELS COLORS D&#8217;EN SILV\u00c0. Hem aprofitat per a explicar-lo al vest\u00edbul de l&#8217;escola i hem llegit i compartit tots els contes de Sant Jordi.<\/p>\n<p>MIREU&#8230;<\/p>\n<p>&nbsp;<\/p>\n<p><a href=\"https:\/\/agora.xtec.cat\/ceip-falba\/wp-content\/uploads\/usu658\/2019\/04\/IMG-2641.jpg\"><img loading=\"lazy\" decoding=\"async\" class=\"alignnone size-full wp-image-5294\" src=\"https:\/\/agora.xtec.cat\/ceip-falba\/wp-content\/uploads\/usu658\/2019\/04\/IMG-2641.jpg\" alt=\"\" width=\"750\" height=\"1000\" srcset=\"https:\/\/agora.xtec.cat\/ceip-falba\/wp-content\/uploads\/usu658\/2019\/04\/IMG-2641.jpg 750w, https:\/\/agora.xtec.cat\/ceip-falba\/wp-content\/uploads\/usu658\/2019\/04\/IMG-2641-225x300.jpg 225w\" sizes=\"auto, (max-width: 750px) 100vw, 750px\" \/><\/a><\/p>\n<p>&nbsp;<\/p>\n<p><a href=\"https:\/\/agora.xtec.cat\/ceip-falba\/wp-content\/uploads\/usu658\/2019\/04\/IMG-2642.jpg\"><img loading=\"lazy\" decoding=\"async\" class=\"alignnone size-large wp-image-5295\" src=\"https:\/\/agora.xtec.cat\/ceip-falba\/wp-content\/uploads\/usu658\/2019\/04\/IMG-2642.jpg\" alt=\"\" width=\"750\" height=\"1000\" srcset=\"https:\/\/agora.xtec.cat\/ceip-falba\/wp-content\/uploads\/usu658\/2019\/04\/IMG-2642.jpg 750w, https:\/\/agora.xtec.cat\/ceip-falba\/wp-content\/uploads\/usu658\/2019\/04\/IMG-2642-225x300.jpg 225w\" sizes=\"auto, (max-width: 750px) 100vw, 750px\" \/><\/a><\/p>\n<p>&nbsp;<\/p>\n<p><a href=\"https:\/\/agora.xtec.cat\/ceip-falba\/wp-content\/uploads\/usu658\/2019\/04\/IMG-2643.jpg\"><img loading=\"lazy\" decoding=\"async\" class=\"alignnone size-large wp-image-5296\" src=\"https:\/\/agora.xtec.cat\/ceip-falba\/wp-content\/uploads\/usu658\/2019\/04\/IMG-2643.jpg\" alt=\"\" width=\"998\" height=\"513\" srcset=\"https:\/\/agora.xtec.cat\/ceip-falba\/wp-content\/uploads\/usu658\/2019\/04\/IMG-2643.jpg 998w, https:\/\/agora.xtec.cat\/ceip-falba\/wp-content\/uploads\/usu658\/2019\/04\/IMG-2643-300x154.jpg 300w, https:\/\/agora.xtec.cat\/ceip-falba\/wp-content\/uploads\/usu658\/2019\/04\/IMG-2643-768x395.jpg 768w\" sizes=\"auto, (max-width: 998px) 100vw, 998px\" \/><\/a><\/p>\n<p>&nbsp;<\/p>\n<p><a href=\"https:\/\/agora.xtec.cat\/ceip-falba\/wp-content\/uploads\/usu658\/2019\/04\/IMG-2644.jpg\"><img loading=\"lazy\" decoding=\"async\" class=\"alignnone size-large wp-image-5297\" src=\"https:\/\/agora.xtec.cat\/ceip-falba\/wp-content\/uploads\/usu658\/2019\/04\/IMG-2644.jpg\" alt=\"\" width=\"1000\" height=\"750\" srcset=\"https:\/\/agora.xtec.cat\/ceip-falba\/wp-content\/uploads\/usu658\/2019\/04\/IMG-2644.jpg 1000w, https:\/\/agora.xtec.cat\/ceip-falba\/wp-content\/uploads\/usu658\/2019\/04\/IMG-2644-300x225.jpg 300w, https:\/\/agora.xtec.cat\/ceip-falba\/wp-content\/uploads\/usu658\/2019\/04\/IMG-2644-768x576.jpg 768w, https:\/\/agora.xtec.cat\/ceip-falba\/wp-content\/uploads\/usu658\/2019\/04\/IMG-2644-200x150.jpg 200w\" sizes=\"auto, (max-width: 1000px) 100vw, 1000px\" \/><\/a><\/p>\n<p>&nbsp;<\/p>\n<p><a href=\"https:\/\/agora.xtec.cat\/ceip-falba\/wp-content\/uploads\/usu658\/2019\/04\/IMG-2645.jpg\"><img loading=\"lazy\" decoding=\"async\" class=\"alignnone size-large wp-image-5298\" src=\"https:\/\/agora.xtec.cat\/ceip-falba\/wp-content\/uploads\/usu658\/2019\/04\/IMG-2645.jpg\" alt=\"\" width=\"1000\" height=\"750\" srcset=\"https:\/\/agora.xtec.cat\/ceip-falba\/wp-content\/uploads\/usu658\/2019\/04\/IMG-2645.jpg 1000w, https:\/\/agora.xtec.cat\/ceip-falba\/wp-content\/uploads\/usu658\/2019\/04\/IMG-2645-300x225.jpg 300w, https:\/\/agora.xtec.cat\/ceip-falba\/wp-content\/uploads\/usu658\/2019\/04\/IMG-2645-768x576.jpg 768w, https:\/\/agora.xtec.cat\/ceip-falba\/wp-content\/uploads\/usu658\/2019\/04\/IMG-2645-200x150.jpg 200w\" sizes=\"auto, (max-width: 1000px) 100vw, 1000px\" \/><\/a><\/p>\n<p>&nbsp;<\/p>\n<p><a href=\"https:\/\/agora.xtec.cat\/ceip-falba\/wp-content\/uploads\/usu658\/2019\/04\/IMG-2646.jpg\"><img loading=\"lazy\" decoding=\"async\" class=\"alignnone size-large wp-image-5299\" src=\"https:\/\/agora.xtec.cat\/ceip-falba\/wp-content\/uploads\/usu658\/2019\/04\/IMG-2646.jpg\" alt=\"\" width=\"750\" height=\"1000\" srcset=\"https:\/\/agora.xtec.cat\/ceip-falba\/wp-content\/uploads\/usu658\/2019\/04\/IMG-2646.jpg 750w, https:\/\/agora.xtec.cat\/ceip-falba\/wp-content\/uploads\/usu658\/2019\/04\/IMG-2646-225x300.jpg 225w\" sizes=\"auto, (max-width: 750px) 100vw, 750px\" \/><\/a><\/p>\n<p>&nbsp;<\/p>\n","protected":false},"excerpt":{"rendered":"<p>El mes d&#8217;abril \u00e9s el mes de la literatura per excel\u00b7l\u00e8ncia, i com els nens i nenes de la classe dels ROBOTS ja som uns grans lectors i lectores, ens encanta llegir i escoltar hist\u00f2ries. Els JOCS FLORALS ens han regalat un conte preci\u00f3s anomenat&hellip;  <a href=\"https:\/\/agora.xtec.cat\/ceip-falba\/portada\/els-colors-den-silva\/\" title=\"Read ELS COLORS D&#8217;EN SILV\u00c0\">Llegeix m\u00e9s\u00bb<\/a><\/p>\n","protected":false},"author":1,"featured_media":5299,"comment_status":"closed","ping_status":"closed","sticky":false,"template":"","format":"standard","meta":{"_bbp_topic_count":0,"_bbp_reply_count":0,"_bbp_total_topic_count":0,"_bbp_total_reply_count":0,"_bbp_voice_count":0,"_bbp_anonymous_reply_count":0,"_bbp_topic_count_hidden":0,"_bbp_reply_count_hidden":0,"_bbp_forum_subforum_count":0,"footnotes":""},"categories":[10,224,4,5],"tags":[],"class_list":["post-5293","post","type-post","status-publish","format-standard","has-post-thumbnail","hentry","category-1r","category-curs-2018-19","category-portada","category-primaria"],"post_mailing_queue_ids":[],"_links":{"self":[{"href":"https:\/\/agora.xtec.cat\/ceip-falba\/wp-json\/wp\/v2\/posts\/5293","targetHints":{"allow":["GET"]}}],"collection":[{"href":"https:\/\/agora.xtec.cat\/ceip-falba\/wp-json\/wp\/v2\/posts"}],"about":[{"href":"https:\/\/agora.xtec.cat\/ceip-falba\/wp-json\/wp\/v2\/types\/post"}],"author":[{"embeddable":true,"href":"https:\/\/agora.xtec.cat\/ceip-falba\/wp-json\/wp\/v2\/users\/1"}],"replies":[{"embeddable":true,"href":"https:\/\/agora.xtec.cat\/ceip-falba\/wp-json\/wp\/v2\/comments?post=5293"}],"version-history":[{"count":1,"href":"https:\/\/agora.xtec.cat\/ceip-falba\/wp-json\/wp\/v2\/posts\/5293\/revisions"}],"predecessor-version":[{"id":5300,"href":"https:\/\/agora.xtec.cat\/ceip-falba\/wp-json\/wp\/v2\/posts\/5293\/revisions\/5300"}],"wp:featuredmedia":[{"embeddable":true,"href":"https:\/\/agora.xtec.cat\/ceip-falba\/wp-json\/wp\/v2\/media\/5299"}],"wp:attachment":[{"href":"https:\/\/agora.xtec.cat\/ceip-falba\/wp-json\/wp\/v2\/media?parent=5293"}],"wp:term":[{"taxonomy":"category","embeddable":true,"href":"https:\/\/agora.xtec.cat\/ceip-falba\/wp-json\/wp\/v2\/categories?post=5293"},{"taxonomy":"post_tag","embeddable":true,"href":"https:\/\/agora.xtec.cat\/ceip-falba\/wp-json\/wp\/v2\/tags?post=5293"}],"curies":[{"name":"wp","href":"https:\/\/api.w.org\/{rel}","templated":true}]}}