{"id":5202,"date":"2019-03-26T17:49:05","date_gmt":"2019-03-26T16:49:05","guid":{"rendered":"http:\/\/agora.xtec.cat\/ceip-falba\/?p=5202"},"modified":"2019-06-03T13:44:30","modified_gmt":"2019-06-03T11:44:30","slug":"hem-participat-al-concurs-de-lectura-en-veu-alta","status":"publish","type":"post","link":"https:\/\/agora.xtec.cat\/ceip-falba\/portada\/hem-participat-al-concurs-de-lectura-en-veu-alta\/","title":{"rendered":"HEM PARTICIPAT AL CONCURS DE LECTURA EN VEU ALTA !"},"content":{"rendered":"<p>El dimecres 20 de mar\u00e7 va ser un dia molt important i emocionant per tots nosaltres, els nois i noies de 5\u00e8A, perqu\u00e8 els nostres companys Gabriel Mosqueda i Judith M\u00e0rquez ens van representar en el concurs de Lectura en Veu alta de Terrassa. Tamb\u00e9, amb ells, va anar a concursar la Isra Lanaya de 4tA.<\/p>\n<p>Tota l&#8217;escola estem contents de la participaci\u00f3 en el concurs dels tres companys, ja que hi havia representades moltes escoles de la nostra ciutat<\/p>\n<p>La nostra alegria \u00e9s molt gran, perqu\u00e8 la Judith, en categoria de &#8220;Grumets Verds&#8221;, i el Gabriel, en categoria de &#8220;Timoners&#8221;, han passat a la seg\u00fcent fase, que es celebrar\u00e0 a finals d&#8217;abril a Barcelona, amb nois i noies d&#8217;altres comarques.<\/p>\n<p><a href=\"https:\/\/agora.xtec.cat\/ceip-falba\/wp-content\/uploads\/usu658\/2019\/03\/IMG-20190326-WA0001.jpg\"><img loading=\"lazy\" decoding=\"async\" class=\"alignnone size-large wp-image-5205\" src=\"https:\/\/agora.xtec.cat\/ceip-falba\/wp-content\/uploads\/usu658\/2019\/03\/IMG-20190326-WA0001-1024x768.jpg\" alt=\"\" width=\"1024\" height=\"768\" srcset=\"https:\/\/agora.xtec.cat\/ceip-falba\/wp-content\/uploads\/usu658\/2019\/03\/IMG-20190326-WA0001-1024x768.jpg 1024w, https:\/\/agora.xtec.cat\/ceip-falba\/wp-content\/uploads\/usu658\/2019\/03\/IMG-20190326-WA0001-300x225.jpg 300w, https:\/\/agora.xtec.cat\/ceip-falba\/wp-content\/uploads\/usu658\/2019\/03\/IMG-20190326-WA0001-768x576.jpg 768w, https:\/\/agora.xtec.cat\/ceip-falba\/wp-content\/uploads\/usu658\/2019\/03\/IMG-20190326-WA0001-200x150.jpg 200w, https:\/\/agora.xtec.cat\/ceip-falba\/wp-content\/uploads\/usu658\/2019\/03\/IMG-20190326-WA0001.jpg 1600w\" sizes=\"auto, (max-width: 1024px) 100vw, 1024px\" \/><\/a><\/p>\n<p>GR\u00c0CIES COMPANYS !<\/p>\n<p style=\"text-align: right;\">Aquest article ha estat redactat per l&#8217;alumne Ariadna Castro de 5\u00e8A.<\/p>\n<p>&nbsp;<\/p>\n<p>&nbsp;<\/p>\n<p style=\"text-align: right;\">\n","protected":false},"excerpt":{"rendered":"<p>Hem participat al concurs de lectura en veu alta i dos alumnes de la nostra escola han passat a la fase semifinal. Enhorabona! &hellip;  <a href=\"https:\/\/agora.xtec.cat\/ceip-falba\/portada\/hem-participat-al-concurs-de-lectura-en-veu-alta\/\" title=\"Read HEM PARTICIPAT AL CONCURS DE LECTURA EN VEU ALTA !\">Llegeix m\u00e9s\u00bb<\/a><\/p>\n","protected":false},"author":1,"featured_media":5206,"comment_status":"closed","ping_status":"closed","sticky":false,"template":"","format":"standard","meta":{"_bbp_topic_count":0,"_bbp_reply_count":0,"_bbp_total_topic_count":0,"_bbp_total_reply_count":0,"_bbp_voice_count":0,"_bbp_anonymous_reply_count":0,"_bbp_topic_count_hidden":0,"_bbp_reply_count_hidden":0,"_bbp_forum_subforum_count":0,"footnotes":""},"categories":[211,14,48,224,4],"tags":[245],"class_list":["post-5202","post","type-post","status-publish","format-standard","has-post-thumbnail","hentry","category-4t","category-5e","category-aa","category-curs-2018-19","category-portada","tag-concurslecturaenveualta"],"post_mailing_queue_ids":[],"_links":{"self":[{"href":"https:\/\/agora.xtec.cat\/ceip-falba\/wp-json\/wp\/v2\/posts\/5202","targetHints":{"allow":["GET"]}}],"collection":[{"href":"https:\/\/agora.xtec.cat\/ceip-falba\/wp-json\/wp\/v2\/posts"}],"about":[{"href":"https:\/\/agora.xtec.cat\/ceip-falba\/wp-json\/wp\/v2\/types\/post"}],"author":[{"embeddable":true,"href":"https:\/\/agora.xtec.cat\/ceip-falba\/wp-json\/wp\/v2\/users\/1"}],"replies":[{"embeddable":true,"href":"https:\/\/agora.xtec.cat\/ceip-falba\/wp-json\/wp\/v2\/comments?post=5202"}],"version-history":[{"count":4,"href":"https:\/\/agora.xtec.cat\/ceip-falba\/wp-json\/wp\/v2\/posts\/5202\/revisions"}],"predecessor-version":[{"id":5210,"href":"https:\/\/agora.xtec.cat\/ceip-falba\/wp-json\/wp\/v2\/posts\/5202\/revisions\/5210"}],"wp:featuredmedia":[{"embeddable":true,"href":"https:\/\/agora.xtec.cat\/ceip-falba\/wp-json\/wp\/v2\/media\/5206"}],"wp:attachment":[{"href":"https:\/\/agora.xtec.cat\/ceip-falba\/wp-json\/wp\/v2\/media?parent=5202"}],"wp:term":[{"taxonomy":"category","embeddable":true,"href":"https:\/\/agora.xtec.cat\/ceip-falba\/wp-json\/wp\/v2\/categories?post=5202"},{"taxonomy":"post_tag","embeddable":true,"href":"https:\/\/agora.xtec.cat\/ceip-falba\/wp-json\/wp\/v2\/tags?post=5202"}],"curies":[{"name":"wp","href":"https:\/\/api.w.org\/{rel}","templated":true}]}}