{"id":5173,"date":"2019-03-13T12:40:43","date_gmt":"2019-03-13T11:40:43","guid":{"rendered":"http:\/\/agora.xtec.cat\/ceip-falba\/?p=5173"},"modified":"2019-06-05T19:12:56","modified_gmt":"2019-06-05T17:12:56","slug":"font-tv-programa-3-18-19","status":"publish","type":"post","link":"https:\/\/agora.xtec.cat\/ceip-falba\/portada\/font-tv-programa-3-18-19\/","title":{"rendered":"FONT TV &#8211; PROGRAMA 3"},"content":{"rendered":"<p>&nbsp;<\/p>\n<p><iframe loading=\"lazy\" title=\"FONT TV PROGRAMA 3\" width=\"500\" height=\"281\" src=\"https:\/\/www.youtube.com\/embed\/i1ooS4jwUMA?feature=oembed\" frameborder=\"0\" allow=\"accelerometer; autoplay; clipboard-write; encrypted-media; gyroscope; picture-in-picture; web-share\" referrerpolicy=\"strict-origin-when-cross-origin\" allowfullscreen><\/iframe><\/p>\n","protected":false},"excerpt":{"rendered":"<p>Aqu\u00ed us deixem el nostre tercer v\u00eddeo de FONT TV! Per primera vegada, nosaltres, els nens i nenes de 6\u00e8 hem fet de guionistes, presentadors, guies, reporters, presentadors de concurs, c\u00e0meres, escen\u00f2grafs, t\u00e8cnics de llum i so, editors en audiovisuals ..i ho hem pujat a una xarxa social com \u00e9s el YouTube! Esperem que us agradi el nostre tercer programa. D\u00f3na-li un like!&hellip;  <a href=\"https:\/\/agora.xtec.cat\/ceip-falba\/portada\/font-tv-programa-3-18-19\/\" title=\"Read FONT TV &#8211; PROGRAMA 3\">Llegeix m\u00e9s\u00bb<\/a><\/p>\n","protected":false},"author":1,"featured_media":5174,"comment_status":"closed","ping_status":"closed","sticky":false,"template":"","format":"standard","meta":{"_bbp_topic_count":0,"_bbp_reply_count":0,"_bbp_total_topic_count":0,"_bbp_total_reply_count":0,"_bbp_voice_count":0,"_bbp_anonymous_reply_count":0,"_bbp_topic_count_hidden":0,"_bbp_reply_count_hidden":0,"_bbp_forum_subforum_count":0,"footnotes":""},"categories":[15,224,26,4,5],"tags":[],"class_list":["post-5173","post","type-post","status-publish","format-standard","has-post-thumbnail","hentry","category-6e","category-curs-2018-19","category-fonttv","category-portada","category-primaria"],"post_mailing_queue_ids":[],"_links":{"self":[{"href":"https:\/\/agora.xtec.cat\/ceip-falba\/wp-json\/wp\/v2\/posts\/5173","targetHints":{"allow":["GET"]}}],"collection":[{"href":"https:\/\/agora.xtec.cat\/ceip-falba\/wp-json\/wp\/v2\/posts"}],"about":[{"href":"https:\/\/agora.xtec.cat\/ceip-falba\/wp-json\/wp\/v2\/types\/post"}],"author":[{"embeddable":true,"href":"https:\/\/agora.xtec.cat\/ceip-falba\/wp-json\/wp\/v2\/users\/1"}],"replies":[{"embeddable":true,"href":"https:\/\/agora.xtec.cat\/ceip-falba\/wp-json\/wp\/v2\/comments?post=5173"}],"version-history":[{"count":2,"href":"https:\/\/agora.xtec.cat\/ceip-falba\/wp-json\/wp\/v2\/posts\/5173\/revisions"}],"predecessor-version":[{"id":5412,"href":"https:\/\/agora.xtec.cat\/ceip-falba\/wp-json\/wp\/v2\/posts\/5173\/revisions\/5412"}],"wp:featuredmedia":[{"embeddable":true,"href":"https:\/\/agora.xtec.cat\/ceip-falba\/wp-json\/wp\/v2\/media\/5174"}],"wp:attachment":[{"href":"https:\/\/agora.xtec.cat\/ceip-falba\/wp-json\/wp\/v2\/media?parent=5173"}],"wp:term":[{"taxonomy":"category","embeddable":true,"href":"https:\/\/agora.xtec.cat\/ceip-falba\/wp-json\/wp\/v2\/categories?post=5173"},{"taxonomy":"post_tag","embeddable":true,"href":"https:\/\/agora.xtec.cat\/ceip-falba\/wp-json\/wp\/v2\/tags?post=5173"}],"curies":[{"name":"wp","href":"https:\/\/api.w.org\/{rel}","templated":true}]}}