{"id":5125,"date":"2019-02-21T10:26:02","date_gmt":"2019-02-21T09:26:02","guid":{"rendered":"http:\/\/agora.xtec.cat\/ceip-falba\/?p=5125"},"modified":"2019-02-21T10:26:02","modified_gmt":"2019-02-21T09:26:02","slug":"canvis-a-lampa-afa","status":"publish","type":"post","link":"https:\/\/agora.xtec.cat\/ceip-falba\/general\/canvis-a-lampa-afa\/","title":{"rendered":"Canvis a l&#8217;Ampa\/Afa"},"content":{"rendered":"<p>Benvolgudes fam\u00edlies,<\/p>\n<p>us informem que ahir dimecres 20 de febrer es va celebrar l&#8217;assemblea ordin\u00e0ria de l&#8217;Ampa en la qual es va rendir comptes de tot el que va fer l&#8217;entitat al llarg del curs 2017\/18. Un altre punt important va ser el canvi de c\u00e0rrecs. Tota la junta actual causa baixa per fi de mandat i per tant tenim ja una nova junta. Aqu\u00ed teniu els noms i c\u00e0rrecs de la nova junta:<\/p>\n<p>Presidenta: Sara Paredes<\/p>\n<p>Vicepresident: Juan L\u00f3pez<\/p>\n<p>Secretari: Francis Fern\u00e1ndez<\/p>\n<p>Tresorera: Maribel Segado<\/p>\n<p>Causen baixa la Maribel Segado com a Presidenta (segueix com a tresorera en la nova junta), la Gemma Vi\u00f1as com a tresorera i la Laia \u00c0lvarez com a secret\u00e0ria. La nova Junta els agraeix molt tots aquests anys de bona feina, esperem estar a l&#8217;al\u00e7ada!<\/p>\n<p>D&#8217;altra banda, tamb\u00e9 us informem que el mateix dia vam celebrar una assemblea extraordin\u00e0ria amb un \u00fanic punt del dia que era la modificaci\u00f3 d&#8217;Estatuts referent a la denominaci\u00f3 de l&#8217;Entitat. Es va explicar que les sigles AFA (Associaci\u00f3 de Fam\u00edlies d&#8217;Alumnes) resulta molt m\u00e9s inclusiu que nom\u00e9s parlar de mares i pares. La proposta es va aprovar per unanimitat i per tant, a partir d&#8217;ara i despr\u00e9s de realitzar els canvis legals pertinents, comen\u00e7arem amb la nova denominaci\u00f3 AFA. Us informem que ja hem creat un nou correu-e a trav\u00e9s del qual us podeu posar en contacte amb nosaltres: afafontdelalba@gmail.com<\/p>\n<p>Us deixem unes fotos fent el traspas de c\u00e0rrecs!<\/p>\n<p>&nbsp;<\/p>\n<p><a href=\"https:\/\/agora.xtec.cat\/ceip-falba\/wp-content\/uploads\/usu658\/2019\/02\/IMG_2148.jpg\"><img loading=\"lazy\" decoding=\"async\" class=\"alignnone size-large wp-image-5126\" src=\"https:\/\/agora.xtec.cat\/ceip-falba\/wp-content\/uploads\/usu658\/2019\/02\/IMG_2148-768x1024.jpg\" alt=\"\" width=\"768\" height=\"1024\" srcset=\"https:\/\/agora.xtec.cat\/ceip-falba\/wp-content\/uploads\/usu658\/2019\/02\/IMG_2148-768x1024.jpg 768w, https:\/\/agora.xtec.cat\/ceip-falba\/wp-content\/uploads\/usu658\/2019\/02\/IMG_2148-225x300.jpg 225w, https:\/\/agora.xtec.cat\/ceip-falba\/wp-content\/uploads\/usu658\/2019\/02\/IMG_2148.jpg 1200w\" sizes=\"auto, (max-width: 768px) 100vw, 768px\" \/><\/a> <a href=\"https:\/\/agora.xtec.cat\/ceip-falba\/wp-content\/uploads\/usu658\/2019\/02\/IMG_2149.jpg\"><img loading=\"lazy\" decoding=\"async\" class=\"alignnone size-large wp-image-5127\" src=\"https:\/\/agora.xtec.cat\/ceip-falba\/wp-content\/uploads\/usu658\/2019\/02\/IMG_2149-768x1024.jpg\" alt=\"\" width=\"768\" height=\"1024\" srcset=\"https:\/\/agora.xtec.cat\/ceip-falba\/wp-content\/uploads\/usu658\/2019\/02\/IMG_2149-768x1024.jpg 768w, https:\/\/agora.xtec.cat\/ceip-falba\/wp-content\/uploads\/usu658\/2019\/02\/IMG_2149-225x300.jpg 225w, https:\/\/agora.xtec.cat\/ceip-falba\/wp-content\/uploads\/usu658\/2019\/02\/IMG_2149.jpg 1200w\" sizes=\"auto, (max-width: 768px) 100vw, 768px\" \/><\/a> <a href=\"https:\/\/agora.xtec.cat\/ceip-falba\/wp-content\/uploads\/usu658\/2019\/02\/IMG_2150.jpg\"><img loading=\"lazy\" decoding=\"async\" class=\"alignnone size-large wp-image-5128\" src=\"https:\/\/agora.xtec.cat\/ceip-falba\/wp-content\/uploads\/usu658\/2019\/02\/IMG_2150-768x1024.jpg\" alt=\"\" width=\"768\" height=\"1024\" srcset=\"https:\/\/agora.xtec.cat\/ceip-falba\/wp-content\/uploads\/usu658\/2019\/02\/IMG_2150-768x1024.jpg 768w, https:\/\/agora.xtec.cat\/ceip-falba\/wp-content\/uploads\/usu658\/2019\/02\/IMG_2150-225x300.jpg 225w, https:\/\/agora.xtec.cat\/ceip-falba\/wp-content\/uploads\/usu658\/2019\/02\/IMG_2150.jpg 1200w\" sizes=\"auto, (max-width: 768px) 100vw, 768px\" \/><\/a> <a href=\"https:\/\/agora.xtec.cat\/ceip-falba\/wp-content\/uploads\/usu658\/2019\/02\/IMG_2151.jpg\"><img loading=\"lazy\" decoding=\"async\" class=\"alignnone size-large wp-image-5129\" src=\"https:\/\/agora.xtec.cat\/ceip-falba\/wp-content\/uploads\/usu658\/2019\/02\/IMG_2151-768x1024.jpg\" alt=\"\" width=\"768\" height=\"1024\" srcset=\"https:\/\/agora.xtec.cat\/ceip-falba\/wp-content\/uploads\/usu658\/2019\/02\/IMG_2151-768x1024.jpg 768w, https:\/\/agora.xtec.cat\/ceip-falba\/wp-content\/uploads\/usu658\/2019\/02\/IMG_2151-225x300.jpg 225w, https:\/\/agora.xtec.cat\/ceip-falba\/wp-content\/uploads\/usu658\/2019\/02\/IMG_2151.jpg 1200w\" sizes=\"auto, (max-width: 768px) 100vw, 768px\" \/><\/a><\/p>\n","protected":false},"excerpt":{"rendered":"<p>Benvolgudes fam\u00edlies,<br \/>\nus informem que ahir dimecres 20 de febrer es va celebrar l&#8217;assemblea ordin\u00e0ria de l&#8217;Ampa en la qual es va rendir comptes de tot el que va fer l&#8217;entitat al llarg del curs 2017\/18. Un altre punt important va ser el canvi de c\u00e0rrecs.&hellip;  <a href=\"https:\/\/agora.xtec.cat\/ceip-falba\/general\/canvis-a-lampa-afa\/\" title=\"Read Canvis a l&#8217;Ampa\/Afa\">Llegeix m\u00e9s\u00bb<\/a><\/p>\n","protected":false},"author":6,"featured_media":5130,"comment_status":"closed","ping_status":"closed","sticky":false,"template":"","format":"standard","meta":{"_bbp_topic_count":0,"_bbp_reply_count":0,"_bbp_total_topic_count":0,"_bbp_total_reply_count":0,"_bbp_voice_count":0,"_bbp_anonymous_reply_count":0,"_bbp_topic_count_hidden":0,"_bbp_reply_count_hidden":0,"_bbp_forum_subforum_count":0,"footnotes":""},"categories":[7,224,1,4],"tags":[242,39,243],"class_list":["post-5125","post","type-post","status-publish","format-standard","has-post-thumbnail","hentry","category-ampa","category-curs-2018-19","category-general","category-portada","tag-afa","tag-ampa","tag-renovacio-junta"],"post_mailing_queue_ids":[],"_links":{"self":[{"href":"https:\/\/agora.xtec.cat\/ceip-falba\/wp-json\/wp\/v2\/posts\/5125","targetHints":{"allow":["GET"]}}],"collection":[{"href":"https:\/\/agora.xtec.cat\/ceip-falba\/wp-json\/wp\/v2\/posts"}],"about":[{"href":"https:\/\/agora.xtec.cat\/ceip-falba\/wp-json\/wp\/v2\/types\/post"}],"author":[{"embeddable":true,"href":"https:\/\/agora.xtec.cat\/ceip-falba\/wp-json\/wp\/v2\/users\/6"}],"replies":[{"embeddable":true,"href":"https:\/\/agora.xtec.cat\/ceip-falba\/wp-json\/wp\/v2\/comments?post=5125"}],"version-history":[{"count":1,"href":"https:\/\/agora.xtec.cat\/ceip-falba\/wp-json\/wp\/v2\/posts\/5125\/revisions"}],"predecessor-version":[{"id":5131,"href":"https:\/\/agora.xtec.cat\/ceip-falba\/wp-json\/wp\/v2\/posts\/5125\/revisions\/5131"}],"wp:featuredmedia":[{"embeddable":true,"href":"https:\/\/agora.xtec.cat\/ceip-falba\/wp-json\/wp\/v2\/media\/5130"}],"wp:attachment":[{"href":"https:\/\/agora.xtec.cat\/ceip-falba\/wp-json\/wp\/v2\/media?parent=5125"}],"wp:term":[{"taxonomy":"category","embeddable":true,"href":"https:\/\/agora.xtec.cat\/ceip-falba\/wp-json\/wp\/v2\/categories?post=5125"},{"taxonomy":"post_tag","embeddable":true,"href":"https:\/\/agora.xtec.cat\/ceip-falba\/wp-json\/wp\/v2\/tags?post=5125"}],"curies":[{"name":"wp","href":"https:\/\/api.w.org\/{rel}","templated":true}]}}