{"id":5084,"date":"2019-02-13T20:39:02","date_gmt":"2019-02-13T19:39:02","guid":{"rendered":"http:\/\/agora.xtec.cat\/ceip-falba\/?p=5084"},"modified":"2019-02-13T20:43:01","modified_gmt":"2019-02-13T19:43:01","slug":"visita-a-lalcalde-de-terrassa","status":"publish","type":"post","link":"https:\/\/agora.xtec.cat\/ceip-falba\/portada\/visita-a-lalcalde-de-terrassa\/","title":{"rendered":"Visita a l&#8217;alcalde de Terrassa"},"content":{"rendered":"<p>La presidenta, les vicepresidentes i l&#8217;equip de tresoreria de les cooperatives de cinqu\u00e8 han anat avui a veure l&#8217;alcalde a l&#8217;Ajuntament de Terrassa per presentar-li els dos projectes i mostrar-li les actes de constituci\u00f3 i els estatuts. Els ha felicitat per la iniciativa i els ha fet entrega del Codi d&#8217;identificaci\u00f3 fiscal.<\/p>\n<p><a href=\"https:\/\/agora.xtec.cat\/ceip-falba\/wp-content\/uploads\/usu658\/2019\/02\/IMG_20190213_193710.jpg\"><img loading=\"lazy\" decoding=\"async\" class=\"alignnone size-large wp-image-5085\" src=\"https:\/\/agora.xtec.cat\/ceip-falba\/wp-content\/uploads\/usu658\/2019\/02\/IMG_20190213_193710-730x1024.jpg\" alt=\"\" width=\"730\" height=\"1024\" srcset=\"https:\/\/agora.xtec.cat\/ceip-falba\/wp-content\/uploads\/usu658\/2019\/02\/IMG_20190213_193710-730x1024.jpg 730w, https:\/\/agora.xtec.cat\/ceip-falba\/wp-content\/uploads\/usu658\/2019\/02\/IMG_20190213_193710-214x300.jpg 214w, https:\/\/agora.xtec.cat\/ceip-falba\/wp-content\/uploads\/usu658\/2019\/02\/IMG_20190213_193710-768x1077.jpg 768w, https:\/\/agora.xtec.cat\/ceip-falba\/wp-content\/uploads\/usu658\/2019\/02\/IMG_20190213_193710.jpg 1035w\" sizes=\"auto, (max-width: 730px) 100vw, 730px\" \/><\/a> <a href=\"https:\/\/agora.xtec.cat\/ceip-falba\/wp-content\/uploads\/usu658\/2019\/02\/IMG-20190213-WA0019.jpg\"><img loading=\"lazy\" decoding=\"async\" class=\"alignnone size-large wp-image-5086\" src=\"https:\/\/agora.xtec.cat\/ceip-falba\/wp-content\/uploads\/usu658\/2019\/02\/IMG-20190213-WA0019-1024x768.jpg\" alt=\"\" width=\"1024\" height=\"768\" srcset=\"https:\/\/agora.xtec.cat\/ceip-falba\/wp-content\/uploads\/usu658\/2019\/02\/IMG-20190213-WA0019-1024x768.jpg 1024w, https:\/\/agora.xtec.cat\/ceip-falba\/wp-content\/uploads\/usu658\/2019\/02\/IMG-20190213-WA0019-300x225.jpg 300w, https:\/\/agora.xtec.cat\/ceip-falba\/wp-content\/uploads\/usu658\/2019\/02\/IMG-20190213-WA0019-768x576.jpg 768w, https:\/\/agora.xtec.cat\/ceip-falba\/wp-content\/uploads\/usu658\/2019\/02\/IMG-20190213-WA0019-200x150.jpg 200w, https:\/\/agora.xtec.cat\/ceip-falba\/wp-content\/uploads\/usu658\/2019\/02\/IMG-20190213-WA0019.jpg 1600w\" sizes=\"auto, (max-width: 1024px) 100vw, 1024px\" \/><\/a> <a href=\"https:\/\/agora.xtec.cat\/ceip-falba\/wp-content\/uploads\/usu658\/2019\/02\/IMG_20190213_193554.jpg\"><img loading=\"lazy\" decoding=\"async\" class=\"alignnone size-large wp-image-5087\" src=\"https:\/\/agora.xtec.cat\/ceip-falba\/wp-content\/uploads\/usu658\/2019\/02\/IMG_20190213_193554-894x1024.jpg\" alt=\"\" width=\"894\" height=\"1024\" srcset=\"https:\/\/agora.xtec.cat\/ceip-falba\/wp-content\/uploads\/usu658\/2019\/02\/IMG_20190213_193554-894x1024.jpg 894w, https:\/\/agora.xtec.cat\/ceip-falba\/wp-content\/uploads\/usu658\/2019\/02\/IMG_20190213_193554-262x300.jpg 262w, https:\/\/agora.xtec.cat\/ceip-falba\/wp-content\/uploads\/usu658\/2019\/02\/IMG_20190213_193554-768x880.jpg 768w, https:\/\/agora.xtec.cat\/ceip-falba\/wp-content\/uploads\/usu658\/2019\/02\/IMG_20190213_193554.jpg 1200w\" sizes=\"auto, (max-width: 894px) 100vw, 894px\" \/><\/a> <a href=\"https:\/\/agora.xtec.cat\/ceip-falba\/wp-content\/uploads\/usu658\/2019\/02\/IMG-20190213-WA0025.jpg\"><img loading=\"lazy\" decoding=\"async\" class=\"alignnone size-large wp-image-5088\" src=\"https:\/\/agora.xtec.cat\/ceip-falba\/wp-content\/uploads\/usu658\/2019\/02\/IMG-20190213-WA0025-768x1024.jpg\" alt=\"\" width=\"768\" height=\"1024\" srcset=\"https:\/\/agora.xtec.cat\/ceip-falba\/wp-content\/uploads\/usu658\/2019\/02\/IMG-20190213-WA0025-768x1024.jpg 768w, https:\/\/agora.xtec.cat\/ceip-falba\/wp-content\/uploads\/usu658\/2019\/02\/IMG-20190213-WA0025-225x300.jpg 225w, https:\/\/agora.xtec.cat\/ceip-falba\/wp-content\/uploads\/usu658\/2019\/02\/IMG-20190213-WA0025.jpg 1200w\" sizes=\"auto, (max-width: 768px) 100vw, 768px\" \/><\/a><\/p>\n<p>Team School de l&#8217;Alba i Tot artes\u00e0 estan treballant de valent per aconseguir el seu objectiu i ho estan fent s\u00faper b\u00e9, amb equip i descobrint els mecanismes de la democr\u00e0cia i l&#8217;organitzaci\u00f3 social de la zona.<\/p>\n","protected":false},"excerpt":{"rendered":"<p>Ja tenim el CIF de les cooperatives! &hellip;  <a href=\"https:\/\/agora.xtec.cat\/ceip-falba\/portada\/visita-a-lalcalde-de-terrassa\/\" title=\"Read Visita a l&#8217;alcalde de Terrassa\">Llegeix m\u00e9s\u00bb<\/a><\/p>\n","protected":false},"author":48,"featured_media":5089,"comment_status":"closed","ping_status":"closed","sticky":false,"template":"","format":"standard","meta":{"_bbp_topic_count":0,"_bbp_reply_count":0,"_bbp_total_topic_count":0,"_bbp_total_reply_count":0,"_bbp_voice_count":0,"_bbp_anonymous_reply_count":0,"_bbp_topic_count_hidden":0,"_bbp_reply_count_hidden":0,"_bbp_forum_subforum_count":0,"footnotes":""},"categories":[14,224,4],"tags":[236,239],"class_list":["post-5084","post","type-post","status-publish","format-standard","has-post-thumbnail","hentry","category-5e","category-curs-2018-19","category-portada","tag-ciclesuperior","tag-projecte-emprenedoria"],"post_mailing_queue_ids":[],"_links":{"self":[{"href":"https:\/\/agora.xtec.cat\/ceip-falba\/wp-json\/wp\/v2\/posts\/5084","targetHints":{"allow":["GET"]}}],"collection":[{"href":"https:\/\/agora.xtec.cat\/ceip-falba\/wp-json\/wp\/v2\/posts"}],"about":[{"href":"https:\/\/agora.xtec.cat\/ceip-falba\/wp-json\/wp\/v2\/types\/post"}],"author":[{"embeddable":true,"href":"https:\/\/agora.xtec.cat\/ceip-falba\/wp-json\/wp\/v2\/users\/48"}],"replies":[{"embeddable":true,"href":"https:\/\/agora.xtec.cat\/ceip-falba\/wp-json\/wp\/v2\/comments?post=5084"}],"version-history":[{"count":2,"href":"https:\/\/agora.xtec.cat\/ceip-falba\/wp-json\/wp\/v2\/posts\/5084\/revisions"}],"predecessor-version":[{"id":5091,"href":"https:\/\/agora.xtec.cat\/ceip-falba\/wp-json\/wp\/v2\/posts\/5084\/revisions\/5091"}],"wp:featuredmedia":[{"embeddable":true,"href":"https:\/\/agora.xtec.cat\/ceip-falba\/wp-json\/wp\/v2\/media\/5089"}],"wp:attachment":[{"href":"https:\/\/agora.xtec.cat\/ceip-falba\/wp-json\/wp\/v2\/media?parent=5084"}],"wp:term":[{"taxonomy":"category","embeddable":true,"href":"https:\/\/agora.xtec.cat\/ceip-falba\/wp-json\/wp\/v2\/categories?post=5084"},{"taxonomy":"post_tag","embeddable":true,"href":"https:\/\/agora.xtec.cat\/ceip-falba\/wp-json\/wp\/v2\/tags?post=5084"}],"curies":[{"name":"wp","href":"https:\/\/api.w.org\/{rel}","templated":true}]}}