{"id":4983,"date":"2019-01-30T13:43:40","date_gmt":"2019-01-30T12:43:40","guid":{"rendered":"http:\/\/agora.xtec.cat\/ceip-falba\/?p=4983"},"modified":"2019-01-30T13:43:40","modified_gmt":"2019-01-30T12:43:40","slug":"cicle-inicial-al-liceu","status":"publish","type":"post","link":"https:\/\/agora.xtec.cat\/ceip-falba\/portada\/cicle-inicial-al-liceu\/","title":{"rendered":"CICLE INICIAL AL LICEU"},"content":{"rendered":"<p>El dilluns els nens i nenes de cicle inicial vam assistir a l&#8217;\u00f2pera &#8220;La petita flauta m\u00e0gica&#8221; al Liceu de Barcelona. Va ser un espectacle magn\u00edfic on tots i totes vam gaudir molt. Despr\u00e9s per dinar vam anar al parc de la Ciutadella, on vam jugar de valent!<\/p>\n<p>Va ser un dia molt divertit! Us deixem unes fotos per a que gaudiu amb la nostra sortida.<\/p>\n<p><a href=\"https:\/\/drive.google.com\/drive\/folders\/1RFD7qnURSJ8LRmgJXXcSEYLDHsdvGJMP?usp=sharing\">Fotos Liceu CI<\/a><\/p>\n<p>&nbsp;<\/p>\n","protected":false},"excerpt":{"rendered":"<p>El dilluns els nens i nenes de cicle inicial vam assistir a l&#8217;\u00f2pera &#8220;La petita flauta m\u00e0gica&#8221; al Liceu de Barcelona. Va ser un espectacle magn\u00edfic on tots i totes vam gaudir molt. Despr\u00e9s per dinar vam anar al parc de la Ciutadella, on vam&hellip;  <a href=\"https:\/\/agora.xtec.cat\/ceip-falba\/portada\/cicle-inicial-al-liceu\/\" title=\"Read CICLE INICIAL AL LICEU\">Llegeix m\u00e9s\u00bb<\/a><\/p>\n","protected":false},"author":8,"featured_media":4984,"comment_status":"closed","ping_status":"closed","sticky":false,"template":"","format":"standard","meta":{"_bbp_topic_count":0,"_bbp_reply_count":0,"_bbp_total_topic_count":0,"_bbp_total_reply_count":0,"_bbp_voice_count":0,"_bbp_anonymous_reply_count":0,"_bbp_topic_count_hidden":0,"_bbp_reply_count_hidden":0,"_bbp_forum_subforum_count":0,"footnotes":""},"categories":[10,11,224,4,5],"tags":[],"class_list":["post-4983","post","type-post","status-publish","format-standard","has-post-thumbnail","hentry","category-1r","category-2n","category-curs-2018-19","category-portada","category-primaria"],"post_mailing_queue_ids":[],"_links":{"self":[{"href":"https:\/\/agora.xtec.cat\/ceip-falba\/wp-json\/wp\/v2\/posts\/4983","targetHints":{"allow":["GET"]}}],"collection":[{"href":"https:\/\/agora.xtec.cat\/ceip-falba\/wp-json\/wp\/v2\/posts"}],"about":[{"href":"https:\/\/agora.xtec.cat\/ceip-falba\/wp-json\/wp\/v2\/types\/post"}],"author":[{"embeddable":true,"href":"https:\/\/agora.xtec.cat\/ceip-falba\/wp-json\/wp\/v2\/users\/8"}],"replies":[{"embeddable":true,"href":"https:\/\/agora.xtec.cat\/ceip-falba\/wp-json\/wp\/v2\/comments?post=4983"}],"version-history":[{"count":1,"href":"https:\/\/agora.xtec.cat\/ceip-falba\/wp-json\/wp\/v2\/posts\/4983\/revisions"}],"predecessor-version":[{"id":4985,"href":"https:\/\/agora.xtec.cat\/ceip-falba\/wp-json\/wp\/v2\/posts\/4983\/revisions\/4985"}],"wp:featuredmedia":[{"embeddable":true,"href":"https:\/\/agora.xtec.cat\/ceip-falba\/wp-json\/wp\/v2\/media\/4984"}],"wp:attachment":[{"href":"https:\/\/agora.xtec.cat\/ceip-falba\/wp-json\/wp\/v2\/media?parent=4983"}],"wp:term":[{"taxonomy":"category","embeddable":true,"href":"https:\/\/agora.xtec.cat\/ceip-falba\/wp-json\/wp\/v2\/categories?post=4983"},{"taxonomy":"post_tag","embeddable":true,"href":"https:\/\/agora.xtec.cat\/ceip-falba\/wp-json\/wp\/v2\/tags?post=4983"}],"curies":[{"name":"wp","href":"https:\/\/api.w.org\/{rel}","templated":true}]}}