{"id":485,"date":"2016-03-11T13:46:28","date_gmt":"2016-03-11T12:46:28","guid":{"rendered":"http:\/\/agora.xtec.cat\/ceip-falba\/?p=485"},"modified":"2016-03-16T17:24:14","modified_gmt":"2016-03-16T16:24:14","slug":"xii-certamen-nacional-de-lectura-en-veu-alta","status":"publish","type":"post","link":"https:\/\/agora.xtec.cat\/ceip-falba\/portada\/xii-certamen-nacional-de-lectura-en-veu-alta\/","title":{"rendered":"XII Certamen Nacional de Lectura en Veu alta"},"content":{"rendered":"<p>El passat dimecres 9 de mar\u00e7 es va celebrar, al Museu Nacional de la T\u00e8cnica de Terrassa el XII cert\u00e0men de lectura en veu alta.<\/p>\n<p>Hi van participar la Sofia Berdaoui de 4rt i el Sergi Rubio de 5\u00e8. Van fer un bon paper.<\/p>\n<p>L&#8217;Elvira Ayuste els ha entrevistat, aqu\u00ed teniu el v\u00eddeo<\/p>\n<p><iframe loading=\"lazy\" title=\"XII Certamen Lectura en Veu alta\" width=\"500\" height=\"375\" src=\"https:\/\/www.youtube.com\/embed\/SCztFedwjQg?feature=oembed\" frameborder=\"0\" allow=\"accelerometer; autoplay; clipboard-write; encrypted-media; gyroscope; picture-in-picture; web-share\" referrerpolicy=\"strict-origin-when-cross-origin\" allowfullscreen><\/iframe><\/p>\n","protected":false},"excerpt":{"rendered":"<p>Entrevista a la Sofia Berdaoui i al Sergi Rubio, participants en nom de l&#8217;escola.&hellip;  <a href=\"https:\/\/agora.xtec.cat\/ceip-falba\/portada\/xii-certamen-nacional-de-lectura-en-veu-alta\/\" title=\"Read XII Certamen Nacional de Lectura en Veu alta\">Llegeix m\u00e9s\u00bb<\/a><\/p>\n","protected":false},"author":4,"featured_media":487,"comment_status":"closed","ping_status":"closed","sticky":false,"template":"","format":"standard","meta":{"_bbp_topic_count":0,"_bbp_reply_count":0,"_bbp_total_topic_count":0,"_bbp_total_reply_count":0,"_bbp_voice_count":0,"_bbp_anonymous_reply_count":0,"_bbp_topic_count_hidden":0,"_bbp_reply_count_hidden":0,"_bbp_forum_subforum_count":0,"footnotes":""},"categories":[14,29,26,4],"tags":[50],"class_list":["post-485","post","type-post","status-publish","format-standard","has-post-thumbnail","hentry","category-5e","category-curs-2015-16","category-fonttv","category-portada","tag-ceramen-de-lectura-en-veu-alta"],"post_mailing_queue_ids":[],"_links":{"self":[{"href":"https:\/\/agora.xtec.cat\/ceip-falba\/wp-json\/wp\/v2\/posts\/485","targetHints":{"allow":["GET"]}}],"collection":[{"href":"https:\/\/agora.xtec.cat\/ceip-falba\/wp-json\/wp\/v2\/posts"}],"about":[{"href":"https:\/\/agora.xtec.cat\/ceip-falba\/wp-json\/wp\/v2\/types\/post"}],"author":[{"embeddable":true,"href":"https:\/\/agora.xtec.cat\/ceip-falba\/wp-json\/wp\/v2\/users\/4"}],"replies":[{"embeddable":true,"href":"https:\/\/agora.xtec.cat\/ceip-falba\/wp-json\/wp\/v2\/comments?post=485"}],"version-history":[{"count":3,"href":"https:\/\/agora.xtec.cat\/ceip-falba\/wp-json\/wp\/v2\/posts\/485\/revisions"}],"predecessor-version":[{"id":509,"href":"https:\/\/agora.xtec.cat\/ceip-falba\/wp-json\/wp\/v2\/posts\/485\/revisions\/509"}],"wp:featuredmedia":[{"embeddable":true,"href":"https:\/\/agora.xtec.cat\/ceip-falba\/wp-json\/wp\/v2\/media\/487"}],"wp:attachment":[{"href":"https:\/\/agora.xtec.cat\/ceip-falba\/wp-json\/wp\/v2\/media?parent=485"}],"wp:term":[{"taxonomy":"category","embeddable":true,"href":"https:\/\/agora.xtec.cat\/ceip-falba\/wp-json\/wp\/v2\/categories?post=485"},{"taxonomy":"post_tag","embeddable":true,"href":"https:\/\/agora.xtec.cat\/ceip-falba\/wp-json\/wp\/v2\/tags?post=485"}],"curies":[{"name":"wp","href":"https:\/\/api.w.org\/{rel}","templated":true}]}}