{"id":4819,"date":"2018-11-29T10:43:24","date_gmt":"2018-11-29T09:43:24","guid":{"rendered":"http:\/\/agora.xtec.cat\/ceip-falba\/?p=4819"},"modified":"2018-11-29T10:43:24","modified_gmt":"2018-11-29T09:43:24","slug":"les-marietes-van-al-fupar","status":"publish","type":"post","link":"https:\/\/agora.xtec.cat\/ceip-falba\/infantil\/les-marietes-van-al-fupar\/","title":{"rendered":"Les marietes van al Fupar"},"content":{"rendered":"<p>El dimarts vam fer la primera sortida des que estem a l&#8217;escola. Nom\u00e9s el fet de fer la fila i sortir al carrer ja va ser una gran aventura. Pel cam\u00ed vam poder observar com els arbres van perdent les fulles, ens vam trobar incl\u00fas arbres de fulla vermella.<\/p>\n<p>Una vegada al Fupar ens esperaven els monitors, que ens van acompanyar a fer una volta per la botiga. La tenen tota decorada per Nadal, amb arbres molt grans pels de detalls nadalecs. Vam veure rens, Pares Noels i fins i tot un Ti\u00f3.<\/p>\n<p>Despr\u00e9s ens van explicar la hist\u00f2ria &#8220;Els reis ja venen&#8221; i finalment vam fer una manualitat que ens endurem a casa quan arribi Nadal.<\/p>\n<p>Ha sigut una experi\u00e8ncia molt interessant i divertida.<\/p>\n<p><a href=\"https:\/\/photos.app.goo.gl\/yfeioiecz2xgN7sQ7\">&#8220;Els reis ja venen&#8221; al Fupar<\/a><\/p>\n","protected":false},"excerpt":{"rendered":"<p>El dimarts vam fer la primera sortida des que estem a l&#8217;escola. Nom\u00e9s el fet de fer la fila i sortir al carrer ja va ser una gran aventura. Pel cam\u00ed vam poder observar com els arbres van perdent les fulles, ens vam trobar incl\u00fas&hellip;  <a href=\"https:\/\/agora.xtec.cat\/ceip-falba\/infantil\/les-marietes-van-al-fupar\/\" title=\"Read Les marietes van al Fupar\">Llegeix m\u00e9s\u00bb<\/a><\/p>\n","protected":false},"author":1,"featured_media":4820,"comment_status":"closed","ping_status":"closed","sticky":false,"template":"","format":"standard","meta":{"_bbp_topic_count":0,"_bbp_reply_count":0,"_bbp_total_topic_count":0,"_bbp_total_reply_count":0,"_bbp_voice_count":0,"_bbp_anonymous_reply_count":0,"_bbp_topic_count_hidden":0,"_bbp_reply_count_hidden":0,"_bbp_forum_subforum_count":0,"footnotes":""},"categories":[224,3,2,4],"tags":[160,227,159,230,114],"class_list":["post-4819","post","type-post","status-publish","format-standard","has-post-thumbnail","hentry","category-curs-2018-19","category-p3","category-infantil","category-portada","tag-educacio-infantil","tag-ei","tag-nadal","tag-p3","tag-sortida"],"post_mailing_queue_ids":[],"_links":{"self":[{"href":"https:\/\/agora.xtec.cat\/ceip-falba\/wp-json\/wp\/v2\/posts\/4819","targetHints":{"allow":["GET"]}}],"collection":[{"href":"https:\/\/agora.xtec.cat\/ceip-falba\/wp-json\/wp\/v2\/posts"}],"about":[{"href":"https:\/\/agora.xtec.cat\/ceip-falba\/wp-json\/wp\/v2\/types\/post"}],"author":[{"embeddable":true,"href":"https:\/\/agora.xtec.cat\/ceip-falba\/wp-json\/wp\/v2\/users\/1"}],"replies":[{"embeddable":true,"href":"https:\/\/agora.xtec.cat\/ceip-falba\/wp-json\/wp\/v2\/comments?post=4819"}],"version-history":[{"count":1,"href":"https:\/\/agora.xtec.cat\/ceip-falba\/wp-json\/wp\/v2\/posts\/4819\/revisions"}],"predecessor-version":[{"id":4821,"href":"https:\/\/agora.xtec.cat\/ceip-falba\/wp-json\/wp\/v2\/posts\/4819\/revisions\/4821"}],"wp:featuredmedia":[{"embeddable":true,"href":"https:\/\/agora.xtec.cat\/ceip-falba\/wp-json\/wp\/v2\/media\/4820"}],"wp:attachment":[{"href":"https:\/\/agora.xtec.cat\/ceip-falba\/wp-json\/wp\/v2\/media?parent=4819"}],"wp:term":[{"taxonomy":"category","embeddable":true,"href":"https:\/\/agora.xtec.cat\/ceip-falba\/wp-json\/wp\/v2\/categories?post=4819"},{"taxonomy":"post_tag","embeddable":true,"href":"https:\/\/agora.xtec.cat\/ceip-falba\/wp-json\/wp\/v2\/tags?post=4819"}],"curies":[{"name":"wp","href":"https:\/\/api.w.org\/{rel}","templated":true}]}}