{"id":4563,"date":"2018-06-11T10:45:16","date_gmt":"2018-06-11T08:45:16","guid":{"rendered":"http:\/\/agora.xtec.cat\/ceip-falba\/?p=4563"},"modified":"2018-06-11T10:45:16","modified_gmt":"2018-06-11T08:45:16","slug":"font-tv-programa-7","status":"publish","type":"post","link":"https:\/\/agora.xtec.cat\/ceip-falba\/portada\/font-tv-programa-7\/","title":{"rendered":"FONT TV &#8211; PROGRAMA 7!"},"content":{"rendered":"<p>Hola a tothom!<\/p>\n<p>Finalitzem aquest curs 2017-2018 amb l&#8217;\u00faltim programa de Font TV, el programa 7! Aqu\u00ed podreu saber les darreres not\u00edcies de la nostra escola, viatjar a Ven\u00e8cia, tenir idees de qu\u00e8 fer en el temps de lleure aquest estiu, a la secci\u00f3 de l&#8217;entrevista parlem d&#8217;orientaci\u00f3 despr\u00e9s de l&#8217;etapa d&#8217;educaci\u00f3 obligatoria i molts temes m\u00e9s!<\/p>\n<h3 style=\"text-align: center;\"><span style=\"text-decoration: underline;\"><strong>Aquest programa ha estat enregistrat i editat pels nens i nenes de 6\u00e8 i cal felicitar-los per la feina que han dut a terme i per l&#8217;esfor\u00e7 durant tot el proc\u00e9s.<\/strong><\/span><\/h3>\n<p style=\"text-align: center;\">\nFONT TV, la televisi\u00f3 de Font de l&#8217;Alba, us desitja un bon estiu i bones vacances!!!<\/p>\n<p style=\"text-align: center;\">\n<p style=\"text-align: center;\"><iframe loading=\"lazy\" src=\"\/\/www.youtube.com\/embed\/6ZheNs9ai20\" width=\"560\" height=\"314\" allowfullscreen=\"allowfullscreen\"><\/iframe><\/p>\n","protected":false},"excerpt":{"rendered":"<p>Finalitzem aquest curs 2017-2018 amb l&#8217;\u00faltim programa de Font TV, el programa 7! &hellip;  <a href=\"https:\/\/agora.xtec.cat\/ceip-falba\/portada\/font-tv-programa-7\/\" title=\"Read FONT TV &#8211; PROGRAMA 7!\">Llegeix m\u00e9s\u00bb<\/a><\/p>\n","protected":false},"author":1,"featured_media":4564,"comment_status":"closed","ping_status":"closed","sticky":false,"template":"","format":"standard","meta":{"_bbp_topic_count":0,"_bbp_reply_count":0,"_bbp_total_topic_count":0,"_bbp_total_reply_count":0,"_bbp_voice_count":0,"_bbp_anonymous_reply_count":0,"_bbp_topic_count_hidden":0,"_bbp_reply_count_hidden":0,"_bbp_forum_subforum_count":0,"footnotes":""},"categories":[192,26,4],"tags":[],"class_list":["post-4563","post","type-post","status-publish","format-standard","has-post-thumbnail","hentry","category-curs-2017-2018","category-fonttv","category-portada"],"post_mailing_queue_ids":[],"_links":{"self":[{"href":"https:\/\/agora.xtec.cat\/ceip-falba\/wp-json\/wp\/v2\/posts\/4563","targetHints":{"allow":["GET"]}}],"collection":[{"href":"https:\/\/agora.xtec.cat\/ceip-falba\/wp-json\/wp\/v2\/posts"}],"about":[{"href":"https:\/\/agora.xtec.cat\/ceip-falba\/wp-json\/wp\/v2\/types\/post"}],"author":[{"embeddable":true,"href":"https:\/\/agora.xtec.cat\/ceip-falba\/wp-json\/wp\/v2\/users\/1"}],"replies":[{"embeddable":true,"href":"https:\/\/agora.xtec.cat\/ceip-falba\/wp-json\/wp\/v2\/comments?post=4563"}],"version-history":[{"count":1,"href":"https:\/\/agora.xtec.cat\/ceip-falba\/wp-json\/wp\/v2\/posts\/4563\/revisions"}],"predecessor-version":[{"id":4565,"href":"https:\/\/agora.xtec.cat\/ceip-falba\/wp-json\/wp\/v2\/posts\/4563\/revisions\/4565"}],"wp:featuredmedia":[{"embeddable":true,"href":"https:\/\/agora.xtec.cat\/ceip-falba\/wp-json\/wp\/v2\/media\/4564"}],"wp:attachment":[{"href":"https:\/\/agora.xtec.cat\/ceip-falba\/wp-json\/wp\/v2\/media?parent=4563"}],"wp:term":[{"taxonomy":"category","embeddable":true,"href":"https:\/\/agora.xtec.cat\/ceip-falba\/wp-json\/wp\/v2\/categories?post=4563"},{"taxonomy":"post_tag","embeddable":true,"href":"https:\/\/agora.xtec.cat\/ceip-falba\/wp-json\/wp\/v2\/tags?post=4563"}],"curies":[{"name":"wp","href":"https:\/\/api.w.org\/{rel}","templated":true}]}}