{"id":4340,"date":"2018-05-09T17:33:56","date_gmt":"2018-05-09T15:33:56","guid":{"rendered":"http:\/\/agora.xtec.cat\/ceip-falba\/?p=4340"},"modified":"2018-05-15T17:38:10","modified_gmt":"2018-05-15T15:38:10","slug":"recollim-faves","status":"publish","type":"post","link":"https:\/\/agora.xtec.cat\/ceip-falba\/infantil\/recollim-faves\/","title":{"rendered":"Recollim faves!"},"content":{"rendered":"<p>Les nenes i els nens d&#8217;educaci\u00f3 infantil hem comen\u00e7at a recollir les faves de l&#8217;hort. Hem observat que, gr\u00e0cies a les pluges d&#8217;aquests \u00faltims dies, les faveres han crescut molt i estan molt altes! <a href=\"http:\/\/agora.xtec.cat\/ceip-falba\/wp-content\/uploads\/usu658\/2018\/05\/IMG_20180508_125212_resized_20180509_113830137.jpg\"><img loading=\"lazy\" decoding=\"async\" class=\"alignnone size-large wp-image-4341\" src=\"http:\/\/agora.xtec.cat\/ceip-falba\/wp-content\/uploads\/usu658\/2018\/05\/IMG_20180508_125212_resized_20180509_113830137-1024x768.jpg\" alt=\"\" width=\"1024\" height=\"768\" srcset=\"https:\/\/agora.xtec.cat\/ceip-falba\/wp-content\/uploads\/usu658\/2018\/05\/IMG_20180508_125212_resized_20180509_113830137-1024x768.jpg 1024w, https:\/\/agora.xtec.cat\/ceip-falba\/wp-content\/uploads\/usu658\/2018\/05\/IMG_20180508_125212_resized_20180509_113830137-300x225.jpg 300w, https:\/\/agora.xtec.cat\/ceip-falba\/wp-content\/uploads\/usu658\/2018\/05\/IMG_20180508_125212_resized_20180509_113830137-768x576.jpg 768w, https:\/\/agora.xtec.cat\/ceip-falba\/wp-content\/uploads\/usu658\/2018\/05\/IMG_20180508_125212_resized_20180509_113830137-200x150.jpg 200w, https:\/\/agora.xtec.cat\/ceip-falba\/wp-content\/uploads\/usu658\/2018\/05\/IMG_20180508_125212_resized_20180509_113830137.jpg 1984w\" sizes=\"auto, (max-width: 1024px) 100vw, 1024px\" \/><\/a><\/p>\n","protected":false},"excerpt":{"rendered":"<p>Les nenes i els nens d&#8217;educaci\u00f3 infantil hem comen\u00e7at a recollir les faves de l&#8217;hort. Hem observat que, gr\u00e0cies a les pluges d&#8217;aquests \u00faltims dies, les faveres han crescut molt i estan molt altes! <a href=\"http:\/\/agora.xtec.cat\/ceip-falba\/wp-content\/uploads\/usu658\/2018\/05\/IMG_20180508_125212_resized_20180509_113830137.jpg\"><\/a><\/p>\n","protected":false},"author":48,"featured_media":4341,"comment_status":"closed","ping_status":"closed","sticky":false,"template":"","format":"standard","meta":{"_bbp_topic_count":0,"_bbp_reply_count":0,"_bbp_total_topic_count":0,"_bbp_total_reply_count":0,"_bbp_voice_count":0,"_bbp_anonymous_reply_count":0,"_bbp_topic_count_hidden":0,"_bbp_reply_count_hidden":0,"_bbp_forum_subforum_count":0,"footnotes":""},"categories":[192,9,2,4],"tags":[214],"class_list":["post-4340","post","type-post","status-publish","format-standard","has-post-thumbnail","hentry","category-curs-2017-2018","category-p5","category-infantil","category-portada","tag-hort"],"post_mailing_queue_ids":[],"_links":{"self":[{"href":"https:\/\/agora.xtec.cat\/ceip-falba\/wp-json\/wp\/v2\/posts\/4340","targetHints":{"allow":["GET"]}}],"collection":[{"href":"https:\/\/agora.xtec.cat\/ceip-falba\/wp-json\/wp\/v2\/posts"}],"about":[{"href":"https:\/\/agora.xtec.cat\/ceip-falba\/wp-json\/wp\/v2\/types\/post"}],"author":[{"embeddable":true,"href":"https:\/\/agora.xtec.cat\/ceip-falba\/wp-json\/wp\/v2\/users\/48"}],"replies":[{"embeddable":true,"href":"https:\/\/agora.xtec.cat\/ceip-falba\/wp-json\/wp\/v2\/comments?post=4340"}],"version-history":[{"count":1,"href":"https:\/\/agora.xtec.cat\/ceip-falba\/wp-json\/wp\/v2\/posts\/4340\/revisions"}],"predecessor-version":[{"id":4342,"href":"https:\/\/agora.xtec.cat\/ceip-falba\/wp-json\/wp\/v2\/posts\/4340\/revisions\/4342"}],"wp:featuredmedia":[{"embeddable":true,"href":"https:\/\/agora.xtec.cat\/ceip-falba\/wp-json\/wp\/v2\/media\/4341"}],"wp:attachment":[{"href":"https:\/\/agora.xtec.cat\/ceip-falba\/wp-json\/wp\/v2\/media?parent=4340"}],"wp:term":[{"taxonomy":"category","embeddable":true,"href":"https:\/\/agora.xtec.cat\/ceip-falba\/wp-json\/wp\/v2\/categories?post=4340"},{"taxonomy":"post_tag","embeddable":true,"href":"https:\/\/agora.xtec.cat\/ceip-falba\/wp-json\/wp\/v2\/tags?post=4340"}],"curies":[{"name":"wp","href":"https:\/\/api.w.org\/{rel}","templated":true}]}}