{"id":4178,"date":"2018-04-25T19:21:13","date_gmt":"2018-04-25T17:21:13","guid":{"rendered":"http:\/\/agora.xtec.cat\/ceip-falba\/?p=4178"},"modified":"2018-04-25T19:21:13","modified_gmt":"2018-04-25T17:21:13","slug":"teatre-curs-de-catala","status":"publish","type":"post","link":"https:\/\/agora.xtec.cat\/ceip-falba\/general\/teatre-curs-de-catala\/","title":{"rendered":"Teatre Curs de catal\u00e0"},"content":{"rendered":"<p>Feia molts dies que un grup de mares i pares del curs de catal\u00e0 estaven assajant una obra de teatre basada en el llibre de Jaume Cabr\u00e9 &#8220;La Mariona i la Menjanits&#8221;. Avui l&#8217;han representat\u00a0 pels nens i nenes de tota l&#8217;escola i ha estat un \u00e8xit! Us deixem l&#8217;enlla\u00e7 del v\u00eddeo per a que el pugueu veure!<\/p>\n<p><iframe loading=\"lazy\" title=\"La Mariona i la Menjanits\" width=\"500\" height=\"281\" src=\"https:\/\/www.youtube.com\/embed\/s_33fFM4IP8?start=5&#038;feature=oembed\" frameborder=\"0\" allow=\"accelerometer; autoplay; clipboard-write; encrypted-media; gyroscope; picture-in-picture; web-share\" referrerpolicy=\"strict-origin-when-cross-origin\" allowfullscreen><\/iframe><\/p>\n<p>&nbsp;<\/p>\n","protected":false},"excerpt":{"rendered":"<p>La Mariona i la Menjanits&hellip;  <a href=\"https:\/\/agora.xtec.cat\/ceip-falba\/general\/teatre-curs-de-catala\/\" title=\"Read Teatre Curs de catal\u00e0\">Llegeix m\u00e9s\u00bb<\/a><\/p>\n","protected":false},"author":6,"featured_media":4172,"comment_status":"closed","ping_status":"closed","sticky":false,"template":"","format":"standard","meta":{"_bbp_topic_count":0,"_bbp_reply_count":0,"_bbp_total_topic_count":0,"_bbp_total_reply_count":0,"_bbp_voice_count":0,"_bbp_anonymous_reply_count":0,"_bbp_topic_count_hidden":0,"_bbp_reply_count_hidden":0,"_bbp_forum_subforum_count":0,"footnotes":""},"categories":[7,192,1,4],"tags":[86,213,212],"class_list":["post-4178","post","type-post","status-publish","format-standard","has-post-thumbnail","hentry","category-ampa","category-curs-2017-2018","category-general","category-portada","tag-curs-catala","tag-jaume-cabre","tag-la-mariona-i-la-menjanits"],"post_mailing_queue_ids":[],"_links":{"self":[{"href":"https:\/\/agora.xtec.cat\/ceip-falba\/wp-json\/wp\/v2\/posts\/4178","targetHints":{"allow":["GET"]}}],"collection":[{"href":"https:\/\/agora.xtec.cat\/ceip-falba\/wp-json\/wp\/v2\/posts"}],"about":[{"href":"https:\/\/agora.xtec.cat\/ceip-falba\/wp-json\/wp\/v2\/types\/post"}],"author":[{"embeddable":true,"href":"https:\/\/agora.xtec.cat\/ceip-falba\/wp-json\/wp\/v2\/users\/6"}],"replies":[{"embeddable":true,"href":"https:\/\/agora.xtec.cat\/ceip-falba\/wp-json\/wp\/v2\/comments?post=4178"}],"version-history":[{"count":1,"href":"https:\/\/agora.xtec.cat\/ceip-falba\/wp-json\/wp\/v2\/posts\/4178\/revisions"}],"predecessor-version":[{"id":4179,"href":"https:\/\/agora.xtec.cat\/ceip-falba\/wp-json\/wp\/v2\/posts\/4178\/revisions\/4179"}],"wp:featuredmedia":[{"embeddable":true,"href":"https:\/\/agora.xtec.cat\/ceip-falba\/wp-json\/wp\/v2\/media\/4172"}],"wp:attachment":[{"href":"https:\/\/agora.xtec.cat\/ceip-falba\/wp-json\/wp\/v2\/media?parent=4178"}],"wp:term":[{"taxonomy":"category","embeddable":true,"href":"https:\/\/agora.xtec.cat\/ceip-falba\/wp-json\/wp\/v2\/categories?post=4178"},{"taxonomy":"post_tag","embeddable":true,"href":"https:\/\/agora.xtec.cat\/ceip-falba\/wp-json\/wp\/v2\/tags?post=4178"}],"curies":[{"name":"wp","href":"https:\/\/api.w.org\/{rel}","templated":true}]}}