{"id":4125,"date":"2018-04-20T16:13:34","date_gmt":"2018-04-20T14:13:34","guid":{"rendered":"http:\/\/agora.xtec.cat\/ceip-falba\/?p=4125"},"modified":"2023-03-01T21:12:52","modified_gmt":"2023-03-01T20:12:52","slug":"font-musuk-despacito-amb-ukelele","status":"publish","type":"post","link":"https:\/\/agora.xtec.cat\/ceip-falba\/portada\/font-musuk-despacito-amb-ukelele\/","title":{"rendered":"FONT MUSUK &#8211; DESPACITO AMB UKELELE!"},"content":{"rendered":"<p>Aqu\u00ed teniu el nou v\u00eddeo tutorial d&#8217;ukelele. La can\u00e7\u00f3 que ens ensenyen a tocar \u00e9s&#8230; DESPACITO! Musicalment parlant, hem aprofitat molt les diferents parts de la m\u00fasica per practicar els acords, puntejat, ritmes&#8230; Esperem que podeu aprendre i ho passeu tan b\u00e9 com nosaltres!!!<\/p>\n<p>&nbsp;<\/p>\n<p><iframe loading=\"lazy\" src=\"\/\/www.youtube.com\/embed\/4pIl2qKwiJU\" width=\"560\" height=\"314\" allowfullscreen=\"allowfullscreen\"><\/iframe><\/p>\n","protected":false},"excerpt":{"rendered":"<p>Aqu\u00ed teniu el nou v\u00eddeo tutorial d&#8217;ukelele. La can\u00e7\u00f3 que ens ensenyen a tocar \u00e9s&#8230; DESPACITO! &hellip;  <a href=\"https:\/\/agora.xtec.cat\/ceip-falba\/portada\/font-musuk-despacito-amb-ukelele\/\" title=\"Read FONT MUSUK &#8211; DESPACITO AMB UKELELE!\">Llegeix m\u00e9s\u00bb<\/a><\/p>\n","protected":false},"author":1,"featured_media":4126,"comment_status":"closed","ping_status":"closed","sticky":false,"template":"","format":"standard","meta":{"_bbp_topic_count":0,"_bbp_reply_count":0,"_bbp_total_topic_count":0,"_bbp_total_reply_count":0,"_bbp_voice_count":0,"_bbp_anonymous_reply_count":0,"_bbp_topic_count_hidden":0,"_bbp_reply_count_hidden":0,"_bbp_forum_subforum_count":0,"footnotes":""},"categories":[15,192,463,34,4],"tags":[],"class_list":["post-4125","post","type-post","status-publish","format-standard","has-post-thumbnail","hentry","category-6e","category-curs-2017-2018","category-font-musuk","category-musica","category-portada"],"post_mailing_queue_ids":[],"_links":{"self":[{"href":"https:\/\/agora.xtec.cat\/ceip-falba\/wp-json\/wp\/v2\/posts\/4125","targetHints":{"allow":["GET"]}}],"collection":[{"href":"https:\/\/agora.xtec.cat\/ceip-falba\/wp-json\/wp\/v2\/posts"}],"about":[{"href":"https:\/\/agora.xtec.cat\/ceip-falba\/wp-json\/wp\/v2\/types\/post"}],"author":[{"embeddable":true,"href":"https:\/\/agora.xtec.cat\/ceip-falba\/wp-json\/wp\/v2\/users\/1"}],"replies":[{"embeddable":true,"href":"https:\/\/agora.xtec.cat\/ceip-falba\/wp-json\/wp\/v2\/comments?post=4125"}],"version-history":[{"count":1,"href":"https:\/\/agora.xtec.cat\/ceip-falba\/wp-json\/wp\/v2\/posts\/4125\/revisions"}],"predecessor-version":[{"id":4127,"href":"https:\/\/agora.xtec.cat\/ceip-falba\/wp-json\/wp\/v2\/posts\/4125\/revisions\/4127"}],"wp:featuredmedia":[{"embeddable":true,"href":"https:\/\/agora.xtec.cat\/ceip-falba\/wp-json\/wp\/v2\/media\/4126"}],"wp:attachment":[{"href":"https:\/\/agora.xtec.cat\/ceip-falba\/wp-json\/wp\/v2\/media?parent=4125"}],"wp:term":[{"taxonomy":"category","embeddable":true,"href":"https:\/\/agora.xtec.cat\/ceip-falba\/wp-json\/wp\/v2\/categories?post=4125"},{"taxonomy":"post_tag","embeddable":true,"href":"https:\/\/agora.xtec.cat\/ceip-falba\/wp-json\/wp\/v2\/tags?post=4125"}],"curies":[{"name":"wp","href":"https:\/\/api.w.org\/{rel}","templated":true}]}}