{"id":4091,"date":"2018-04-16T13:18:54","date_gmt":"2018-04-16T11:18:54","guid":{"rendered":"http:\/\/agora.xtec.cat\/ceip-falba\/?p=4091"},"modified":"2023-03-01T21:13:47","modified_gmt":"2023-03-01T20:13:47","slug":"font-musuk-les-nits-no-moren-mai","status":"publish","type":"post","link":"https:\/\/agora.xtec.cat\/ceip-falba\/portada\/font-musuk-les-nits-no-moren-mai\/","title":{"rendered":"FONT MUSUK &#8211; LES NITS NO MOREN MAI!"},"content":{"rendered":"<p>Hola a tothom!!! Us presentem el nou v\u00eddeo del nostre canal de Youtubers a l&#8217;ukelele anomenat FONT MUSUK! Aquesta can\u00e7\u00f3 es titula: &#8220;les nits no moren mai&#8221;, del grup musical DOCTOR PRATS de Terrassa. \u00c9s una versi\u00f3 de &#8220;The nights&#8221;, d&#8217;Aviici. Ens ha agradat molt preparar-la, per\u00f2 encara ens agrada m\u00e9s tocar-la. Us animeu???<\/p>\n<p><iframe loading=\"lazy\" src=\"\/\/www.youtube.com\/embed\/fUApKiip6AU\" width=\"560\" height=\"314\" allowfullscreen=\"allowfullscreen\"><\/iframe><\/p>\n<p>&nbsp;<\/p>\n","protected":false},"excerpt":{"rendered":"<p>Us presentem el nou v\u00eddeo del nostre canal de Youtubers a l&#8217;ukelele anomenat FONT MUSUK! Aquesta can\u00e7\u00f3 es titula: &#8220;les nits no moren mai&#8221;, us animeu a tocar?&hellip;  <a href=\"https:\/\/agora.xtec.cat\/ceip-falba\/portada\/font-musuk-les-nits-no-moren-mai\/\" title=\"Read FONT MUSUK &#8211; LES NITS NO MOREN MAI!\">Llegeix m\u00e9s\u00bb<\/a><\/p>\n","protected":false},"author":1,"featured_media":4092,"comment_status":"closed","ping_status":"closed","sticky":false,"template":"","format":"standard","meta":{"_bbp_topic_count":0,"_bbp_reply_count":0,"_bbp_total_topic_count":0,"_bbp_total_reply_count":0,"_bbp_voice_count":0,"_bbp_anonymous_reply_count":0,"_bbp_topic_count_hidden":0,"_bbp_reply_count_hidden":0,"_bbp_forum_subforum_count":0,"footnotes":""},"categories":[15,192,463,34,4],"tags":[],"class_list":["post-4091","post","type-post","status-publish","format-standard","has-post-thumbnail","hentry","category-6e","category-curs-2017-2018","category-font-musuk","category-musica","category-portada"],"post_mailing_queue_ids":[],"_links":{"self":[{"href":"https:\/\/agora.xtec.cat\/ceip-falba\/wp-json\/wp\/v2\/posts\/4091","targetHints":{"allow":["GET"]}}],"collection":[{"href":"https:\/\/agora.xtec.cat\/ceip-falba\/wp-json\/wp\/v2\/posts"}],"about":[{"href":"https:\/\/agora.xtec.cat\/ceip-falba\/wp-json\/wp\/v2\/types\/post"}],"author":[{"embeddable":true,"href":"https:\/\/agora.xtec.cat\/ceip-falba\/wp-json\/wp\/v2\/users\/1"}],"replies":[{"embeddable":true,"href":"https:\/\/agora.xtec.cat\/ceip-falba\/wp-json\/wp\/v2\/comments?post=4091"}],"version-history":[{"count":1,"href":"https:\/\/agora.xtec.cat\/ceip-falba\/wp-json\/wp\/v2\/posts\/4091\/revisions"}],"predecessor-version":[{"id":4093,"href":"https:\/\/agora.xtec.cat\/ceip-falba\/wp-json\/wp\/v2\/posts\/4091\/revisions\/4093"}],"wp:featuredmedia":[{"embeddable":true,"href":"https:\/\/agora.xtec.cat\/ceip-falba\/wp-json\/wp\/v2\/media\/4092"}],"wp:attachment":[{"href":"https:\/\/agora.xtec.cat\/ceip-falba\/wp-json\/wp\/v2\/media?parent=4091"}],"wp:term":[{"taxonomy":"category","embeddable":true,"href":"https:\/\/agora.xtec.cat\/ceip-falba\/wp-json\/wp\/v2\/categories?post=4091"},{"taxonomy":"post_tag","embeddable":true,"href":"https:\/\/agora.xtec.cat\/ceip-falba\/wp-json\/wp\/v2\/tags?post=4091"}],"curies":[{"name":"wp","href":"https:\/\/api.w.org\/{rel}","templated":true}]}}