{"id":3789,"date":"2018-03-16T17:37:09","date_gmt":"2018-03-16T16:37:09","guid":{"rendered":"http:\/\/agora.xtec.cat\/ceip-falba\/?p=3789"},"modified":"2023-03-01T21:14:15","modified_gmt":"2023-03-01T20:14:15","slug":"la-bamba-font-musuk","status":"publish","type":"post","link":"https:\/\/agora.xtec.cat\/ceip-falba\/portada\/la-bamba-font-musuk\/","title":{"rendered":"LA BAMBA &#8211; FONT MUSUK"},"content":{"rendered":"<p>Us deixem amb el <strong>PRIMER V\u00cdDEO<\/strong> i ens estrenem amb la Chaima i la Aya que ens ensenyaran a tocar &#8220;La bamba&#8221; amb l&#8217;ukelele. Ens fa molta il\u00b7lusi\u00f3 ensenyar-vos el que aprenem a m\u00fasica amb aquest nou projecte que vam comen\u00e7ar l&#8217;any passat i que ara es pot difondre gr\u00e0cies a FONT MUSUK, la plataforma que d\u00f3na forma al projecte i el fa visible a YouTube.<\/p>\n<p>Esperem que us agradi i, si sou valents, podeu aprendre a tocar aquest instrument! Animeu-vos!<\/p>\n<p><iframe loading=\"lazy\" src=\"\/\/www.youtube.com\/embed\/8Syfkv0n_Po\" width=\"560\" height=\"314\" allowfullscreen=\"allowfullscreen\"><\/iframe><\/p>\n<p>&nbsp;<\/p>\n<p>&nbsp;<\/p>\n<p>&nbsp;<\/p>\n","protected":false},"excerpt":{"rendered":"<p>Us deixem amb el PRIMER V\u00cdDEO i ens estrenem amb la Chaima i la Aya que ens ensenyaran a tocar &#8220;La bamba&#8221; amb l&#8217;ukelele. &hellip;  <a href=\"https:\/\/agora.xtec.cat\/ceip-falba\/portada\/la-bamba-font-musuk\/\" title=\"Read LA BAMBA &#8211; FONT MUSUK\">Llegeix m\u00e9s\u00bb<\/a><\/p>\n","protected":false},"author":1,"featured_media":3790,"comment_status":"closed","ping_status":"closed","sticky":false,"template":"","format":"standard","meta":{"_bbp_topic_count":0,"_bbp_reply_count":0,"_bbp_total_topic_count":0,"_bbp_total_reply_count":0,"_bbp_voice_count":0,"_bbp_anonymous_reply_count":0,"_bbp_topic_count_hidden":0,"_bbp_reply_count_hidden":0,"_bbp_forum_subforum_count":0,"footnotes":""},"categories":[15,192,463,34,4],"tags":[],"class_list":["post-3789","post","type-post","status-publish","format-standard","has-post-thumbnail","hentry","category-6e","category-curs-2017-2018","category-font-musuk","category-musica","category-portada"],"post_mailing_queue_ids":[],"_links":{"self":[{"href":"https:\/\/agora.xtec.cat\/ceip-falba\/wp-json\/wp\/v2\/posts\/3789","targetHints":{"allow":["GET"]}}],"collection":[{"href":"https:\/\/agora.xtec.cat\/ceip-falba\/wp-json\/wp\/v2\/posts"}],"about":[{"href":"https:\/\/agora.xtec.cat\/ceip-falba\/wp-json\/wp\/v2\/types\/post"}],"author":[{"embeddable":true,"href":"https:\/\/agora.xtec.cat\/ceip-falba\/wp-json\/wp\/v2\/users\/1"}],"replies":[{"embeddable":true,"href":"https:\/\/agora.xtec.cat\/ceip-falba\/wp-json\/wp\/v2\/comments?post=3789"}],"version-history":[{"count":1,"href":"https:\/\/agora.xtec.cat\/ceip-falba\/wp-json\/wp\/v2\/posts\/3789\/revisions"}],"predecessor-version":[{"id":3791,"href":"https:\/\/agora.xtec.cat\/ceip-falba\/wp-json\/wp\/v2\/posts\/3789\/revisions\/3791"}],"wp:featuredmedia":[{"embeddable":true,"href":"https:\/\/agora.xtec.cat\/ceip-falba\/wp-json\/wp\/v2\/media\/3790"}],"wp:attachment":[{"href":"https:\/\/agora.xtec.cat\/ceip-falba\/wp-json\/wp\/v2\/media?parent=3789"}],"wp:term":[{"taxonomy":"category","embeddable":true,"href":"https:\/\/agora.xtec.cat\/ceip-falba\/wp-json\/wp\/v2\/categories?post=3789"},{"taxonomy":"post_tag","embeddable":true,"href":"https:\/\/agora.xtec.cat\/ceip-falba\/wp-json\/wp\/v2\/tags?post=3789"}],"curies":[{"name":"wp","href":"https:\/\/api.w.org\/{rel}","templated":true}]}}