{"id":3786,"date":"2018-03-16T17:25:11","date_gmt":"2018-03-16T16:25:11","guid":{"rendered":"http:\/\/agora.xtec.cat\/ceip-falba\/?p=3786"},"modified":"2023-03-01T21:14:56","modified_gmt":"2023-03-01T20:14:56","slug":"font-musuk-nou-projecte","status":"publish","type":"post","link":"https:\/\/agora.xtec.cat\/ceip-falba\/portada\/font-musuk-nou-projecte\/","title":{"rendered":"FONT MUSUK &#8211; Nou projecte!"},"content":{"rendered":"<p>Hola a tothom!<\/p>\n<p>Aqu\u00ed us presentem FONT MUSUK un nou projecte que es fa conjuntament amb &#8220;Uke-lele&#8221; i que busca treballar la m\u00fasica amb un instrument tan senzill com l&#8217;ukelele, l&#8217;expressi\u00f3 oral, l&#8217;angl\u00e8s, els audiovisuals, etc. FONT MUSUK \u00e9s un espai que tenen els nens i nenes de 6\u00e8 en qu\u00e8 us faran tutorials del que treballem a la classe de m\u00fasica, de l&#8217;escola Font de l&#8217;Alba.<\/p>\n<p>Esperem que ens seguiu i feu difusi\u00f3 de manera que molta gent pugui gaudir d&#8217;aquest instrument, de les can\u00e7ons i passar una bona estona.<\/p>\n<p>Seguiu-nos de prop!<\/p>\n<p>&nbsp;<\/p>\n<p><iframe loading=\"lazy\" src=\"\/\/www.youtube.com\/embed\/FhNgQFARZT0\" width=\"560\" height=\"314\" allowfullscreen=\"allowfullscreen\"><\/iframe><\/p>\n<p>&nbsp;<\/p>\n<p>&nbsp;<\/p>\n","protected":false},"excerpt":{"rendered":"<p>Us presentem FONT MUSUK un nou projecte que es fa conjuntament amb &#8220;Uke-lele&#8221; i que busca treballar la m\u00fasica amb un instrument tan senzill com l&#8217;ukelele, l&#8217;expressi\u00f3 oral, l&#8217;angl\u00e8s, els audiovisuals, etc. Seguiu-nos de prop!&hellip;  <a href=\"https:\/\/agora.xtec.cat\/ceip-falba\/portada\/font-musuk-nou-projecte\/\" title=\"Read FONT MUSUK &#8211; Nou projecte!\">Llegeix m\u00e9s\u00bb<\/a><\/p>\n","protected":false},"author":1,"featured_media":3787,"comment_status":"closed","ping_status":"closed","sticky":false,"template":"","format":"standard","meta":{"_bbp_topic_count":0,"_bbp_reply_count":0,"_bbp_total_topic_count":0,"_bbp_total_reply_count":0,"_bbp_voice_count":0,"_bbp_anonymous_reply_count":0,"_bbp_topic_count_hidden":0,"_bbp_reply_count_hidden":0,"_bbp_forum_subforum_count":0,"footnotes":""},"categories":[15,192,463,34,4],"tags":[],"class_list":["post-3786","post","type-post","status-publish","format-standard","has-post-thumbnail","hentry","category-6e","category-curs-2017-2018","category-font-musuk","category-musica","category-portada"],"post_mailing_queue_ids":[],"_links":{"self":[{"href":"https:\/\/agora.xtec.cat\/ceip-falba\/wp-json\/wp\/v2\/posts\/3786","targetHints":{"allow":["GET"]}}],"collection":[{"href":"https:\/\/agora.xtec.cat\/ceip-falba\/wp-json\/wp\/v2\/posts"}],"about":[{"href":"https:\/\/agora.xtec.cat\/ceip-falba\/wp-json\/wp\/v2\/types\/post"}],"author":[{"embeddable":true,"href":"https:\/\/agora.xtec.cat\/ceip-falba\/wp-json\/wp\/v2\/users\/1"}],"replies":[{"embeddable":true,"href":"https:\/\/agora.xtec.cat\/ceip-falba\/wp-json\/wp\/v2\/comments?post=3786"}],"version-history":[{"count":1,"href":"https:\/\/agora.xtec.cat\/ceip-falba\/wp-json\/wp\/v2\/posts\/3786\/revisions"}],"predecessor-version":[{"id":3788,"href":"https:\/\/agora.xtec.cat\/ceip-falba\/wp-json\/wp\/v2\/posts\/3786\/revisions\/3788"}],"wp:featuredmedia":[{"embeddable":true,"href":"https:\/\/agora.xtec.cat\/ceip-falba\/wp-json\/wp\/v2\/media\/3787"}],"wp:attachment":[{"href":"https:\/\/agora.xtec.cat\/ceip-falba\/wp-json\/wp\/v2\/media?parent=3786"}],"wp:term":[{"taxonomy":"category","embeddable":true,"href":"https:\/\/agora.xtec.cat\/ceip-falba\/wp-json\/wp\/v2\/categories?post=3786"},{"taxonomy":"post_tag","embeddable":true,"href":"https:\/\/agora.xtec.cat\/ceip-falba\/wp-json\/wp\/v2\/tags?post=3786"}],"curies":[{"name":"wp","href":"https:\/\/api.w.org\/{rel}","templated":true}]}}