{"id":2792,"date":"2017-12-19T12:40:33","date_gmt":"2017-12-19T11:40:33","guid":{"rendered":"http:\/\/agora.xtec.cat\/ceip-falba\/?p=2792"},"modified":"2018-05-18T05:26:57","modified_gmt":"2018-05-18T03:26:57","slug":"el-tio-a-educacio-infantil","status":"publish","type":"post","link":"https:\/\/agora.xtec.cat\/ceip-falba\/infantil\/el-tio-a-educacio-infantil\/","title":{"rendered":"El Ti\u00f3 a Educaci\u00f3 infantil"},"content":{"rendered":"<p>Aquest divendres ja va arribar el Ti\u00f3 a l&#8217;escola!<\/p>\n<p>Com sempre, els nens i nenes molt il\u00b7lusionats van rebre <a href='http:\/\/www.bouncehouseonsale.com\/p001002.html'>15&#215;15 bounce house<\/a> la carta i el van estar buscant per entrar-lo, abrigar-lo i comen\u00e7ar a donar-li menjar perqu\u00e8 ens cagui coses ben dolces.<\/p>\n<p>Tamb\u00e9 ens va portar un regal inesperat&#8230; va arribar amb un conte del Nadal&#8230; Quines ganes de llegir-lo!!!<\/p>\n<p>&nbsp;<\/p>\n<p>Esperem que estigui b\u00e9 a l&#8217;escola i ens cagui b\u00e9!!!<\/p>\n<p>&nbsp;<\/p>\n<p><a href=\"https:\/\/photos.app.goo.gl\/SqEuahdLq6a6ThTD2\">Fotos<\/a><\/p>\n","protected":false},"excerpt":{"rendered":"<p>Aquest divendres ja va arribar el Ti\u00f3 a l&#8217;escola!<br \/>\nCom sempre, els nens i nenes molt il\u00b7lusionats van rebre <a href='http:\/\/www.bouncehouseonsale.com\/p001002.html'>15&#215;15 bounce house<\/a> la carta i el van estar buscant per entrar-lo, abrigar-lo i comen\u00e7ar a donar-li menjar perqu\u00e8 ens cagui coses ben dolces.<br \/>\nTamb\u00e9 ens va&hellip;  <a href=\"https:\/\/agora.xtec.cat\/ceip-falba\/infantil\/el-tio-a-educacio-infantil\/\" title=\"Read El Ti\u00f3 a Educaci\u00f3 infantil\">Llegeix m\u00e9s\u00bb<\/a><\/p>\n","protected":false},"author":1,"featured_media":2793,"comment_status":"closed","ping_status":"closed","sticky":false,"template":"","format":"standard","meta":{"_bbp_topic_count":0,"_bbp_reply_count":0,"_bbp_total_topic_count":0,"_bbp_total_reply_count":0,"_bbp_voice_count":0,"_bbp_anonymous_reply_count":0,"_bbp_topic_count_hidden":0,"_bbp_reply_count_hidden":0,"_bbp_forum_subforum_count":0,"footnotes":""},"categories":[192,35,2,157,4],"tags":[],"class_list":["post-2792","post","type-post","status-publish","format-standard","has-post-thumbnail","hentry","category-curs-2017-2018","category-festes","category-infantil","category-nadal","category-portada"],"post_mailing_queue_ids":[],"_links":{"self":[{"href":"https:\/\/agora.xtec.cat\/ceip-falba\/wp-json\/wp\/v2\/posts\/2792","targetHints":{"allow":["GET"]}}],"collection":[{"href":"https:\/\/agora.xtec.cat\/ceip-falba\/wp-json\/wp\/v2\/posts"}],"about":[{"href":"https:\/\/agora.xtec.cat\/ceip-falba\/wp-json\/wp\/v2\/types\/post"}],"author":[{"embeddable":true,"href":"https:\/\/agora.xtec.cat\/ceip-falba\/wp-json\/wp\/v2\/users\/1"}],"replies":[{"embeddable":true,"href":"https:\/\/agora.xtec.cat\/ceip-falba\/wp-json\/wp\/v2\/comments?post=2792"}],"version-history":[{"count":2,"href":"https:\/\/agora.xtec.cat\/ceip-falba\/wp-json\/wp\/v2\/posts\/2792\/revisions"}],"predecessor-version":[{"id":4393,"href":"https:\/\/agora.xtec.cat\/ceip-falba\/wp-json\/wp\/v2\/posts\/2792\/revisions\/4393"}],"wp:featuredmedia":[{"embeddable":true,"href":"https:\/\/agora.xtec.cat\/ceip-falba\/wp-json\/wp\/v2\/media\/2793"}],"wp:attachment":[{"href":"https:\/\/agora.xtec.cat\/ceip-falba\/wp-json\/wp\/v2\/media?parent=2792"}],"wp:term":[{"taxonomy":"category","embeddable":true,"href":"https:\/\/agora.xtec.cat\/ceip-falba\/wp-json\/wp\/v2\/categories?post=2792"},{"taxonomy":"post_tag","embeddable":true,"href":"https:\/\/agora.xtec.cat\/ceip-falba\/wp-json\/wp\/v2\/tags?post=2792"}],"curies":[{"name":"wp","href":"https:\/\/api.w.org\/{rel}","templated":true}]}}