{"id":2740,"date":"2017-12-15T12:47:23","date_gmt":"2017-12-15T11:47:23","guid":{"rendered":"http:\/\/agora.xtec.cat\/ceip-falba\/?p=2740"},"modified":"2018-05-18T05:28:16","modified_gmt":"2018-05-18T03:28:16","slug":"concert-de-nadal","status":"publish","type":"post","link":"https:\/\/agora.xtec.cat\/ceip-falba\/infantil\/concert-de-nadal\/","title":{"rendered":"CONCERT DE NADAL!"},"content":{"rendered":"<p><strong>Quin dia \u00e9s el Festival de Nadal?<\/strong>\u00a0A on es far\u00e0?\u00a0<strong>A quina hora ser\u00e0?<\/strong>\u00a0Com hem d&#8217;anar vestits?\u00a0<strong>Qu\u00e8 hem de portar?\u00a0<\/strong>Quines can\u00e7ons canten els nens i nenes de 3r?\u00a0<strong>Quan sortirem a cantar?<\/strong> Puc anar amb una faldilla negra? <strong>Hi haur\u00e0 <a href='http:\/\/www.bouncehouseonsale.com\/p001002.html'>15&#215;15 bounce house<\/a> alguna sorpresa?\u00a0<\/strong>El meu germ\u00e0 qu\u00e8 toca? Per\u00f2 el m\u00e9s important \u00e9s que&#8230;<\/p>\n<h3 style=\"text-align: center;\">TENIM GANES DE FER EL FESTIVAL!!!<\/h3>\n<p style=\"text-align: center;\">Si cliqueu aqu\u00ed, us deixem el d\u00edptic amb tota la informaci\u00f3:<\/p>\n<h1 style=\"text-align: center;\"><a href=\"http:\/\/agora.xtec.cat\/ceip-falba\/wp-content\/uploads\/usu658\/2017\/12\/Concert-de-Nadal-2017.pdf\">EL CONCERT<\/a><\/h1>\n<p><a href=\"http:\/\/agora.xtec.cat\/ceip-falba\/wp-content\/uploads\/usu658\/2017\/12\/Sin-t\u00edtulo.png\"><img loading=\"lazy\" decoding=\"async\" class=\"aligncenter wp-image-2744 size-full\" src=\"http:\/\/agora.xtec.cat\/ceip-falba\/wp-content\/uploads\/usu658\/2017\/12\/Sin-t\u00edtulo.png\" alt=\"\" width=\"344\" height=\"473\" srcset=\"https:\/\/agora.xtec.cat\/ceip-falba\/wp-content\/uploads\/usu658\/2017\/12\/Sin-t\u00edtulo.png 344w, https:\/\/agora.xtec.cat\/ceip-falba\/wp-content\/uploads\/usu658\/2017\/12\/Sin-t\u00edtulo-218x300.png 218w\" sizes=\"auto, (max-width: 344px) 100vw, 344px\" \/><\/a><\/p>\n<p>&nbsp;<\/p>\n","protected":false},"excerpt":{"rendered":"<p>Quin dia \u00e9s el Festival de Nadal?\u00a0A on es far\u00e0?\u00a0A quina hora ser\u00e0?\u00a0Com hem d&#8217;anar vestits?\u00a0Qu\u00e8 hem de portar?\u00a0Quines can\u00e7ons canten els nens i nenes de 3r?\u00a0Quan sortirem a cantar? Puc anar amb una faldilla negra? Hi haur\u00e0 <a href='http:\/\/www.bouncehouseonsale.com\/p001002.html'>15&#215;15 bounce house<\/a> alguna sorpresa?\u00a0El meu&hellip;  <a href=\"https:\/\/agora.xtec.cat\/ceip-falba\/infantil\/concert-de-nadal\/\" title=\"Read CONCERT DE NADAL!\">Llegeix m\u00e9s\u00bb<\/a><\/p>\n","protected":false},"author":1,"featured_media":2748,"comment_status":"closed","ping_status":"closed","sticky":false,"template":"","format":"standard","meta":{"_bbp_topic_count":0,"_bbp_reply_count":0,"_bbp_total_topic_count":0,"_bbp_total_reply_count":0,"_bbp_voice_count":0,"_bbp_anonymous_reply_count":0,"_bbp_topic_count_hidden":0,"_bbp_reply_count_hidden":0,"_bbp_forum_subforum_count":0,"footnotes":""},"categories":[192,35,2,34,157,4,5],"tags":[],"class_list":["post-2740","post","type-post","status-publish","format-standard","has-post-thumbnail","hentry","category-curs-2017-2018","category-festes","category-infantil","category-musica","category-nadal","category-portada","category-primaria"],"post_mailing_queue_ids":[],"_links":{"self":[{"href":"https:\/\/agora.xtec.cat\/ceip-falba\/wp-json\/wp\/v2\/posts\/2740","targetHints":{"allow":["GET"]}}],"collection":[{"href":"https:\/\/agora.xtec.cat\/ceip-falba\/wp-json\/wp\/v2\/posts"}],"about":[{"href":"https:\/\/agora.xtec.cat\/ceip-falba\/wp-json\/wp\/v2\/types\/post"}],"author":[{"embeddable":true,"href":"https:\/\/agora.xtec.cat\/ceip-falba\/wp-json\/wp\/v2\/users\/1"}],"replies":[{"embeddable":true,"href":"https:\/\/agora.xtec.cat\/ceip-falba\/wp-json\/wp\/v2\/comments?post=2740"}],"version-history":[{"count":3,"href":"https:\/\/agora.xtec.cat\/ceip-falba\/wp-json\/wp\/v2\/posts\/2740\/revisions"}],"predecessor-version":[{"id":4396,"href":"https:\/\/agora.xtec.cat\/ceip-falba\/wp-json\/wp\/v2\/posts\/2740\/revisions\/4396"}],"wp:featuredmedia":[{"embeddable":true,"href":"https:\/\/agora.xtec.cat\/ceip-falba\/wp-json\/wp\/v2\/media\/2748"}],"wp:attachment":[{"href":"https:\/\/agora.xtec.cat\/ceip-falba\/wp-json\/wp\/v2\/media?parent=2740"}],"wp:term":[{"taxonomy":"category","embeddable":true,"href":"https:\/\/agora.xtec.cat\/ceip-falba\/wp-json\/wp\/v2\/categories?post=2740"},{"taxonomy":"post_tag","embeddable":true,"href":"https:\/\/agora.xtec.cat\/ceip-falba\/wp-json\/wp\/v2\/tags?post=2740"}],"curies":[{"name":"wp","href":"https:\/\/api.w.org\/{rel}","templated":true}]}}