{"id":2575,"date":"2017-12-01T14:16:07","date_gmt":"2017-12-01T13:16:07","guid":{"rendered":"http:\/\/agora.xtec.cat\/ceip-falba\/?p=2575"},"modified":"2017-12-01T14:23:14","modified_gmt":"2017-12-01T13:23:14","slug":"cicle-inicial-visita-lalzina-del-vent","status":"publish","type":"post","link":"https:\/\/agora.xtec.cat\/ceip-falba\/portada\/cicle-inicial-visita-lalzina-del-vent\/","title":{"rendered":"CICLE INICIAL VISITA L&#8217;ALZINA DEL VENT"},"content":{"rendered":"<p>Els nens i nenes de cicle inicial hem anat d&#8217;excursi\u00f3 a la muntanya de Sant Lloren\u00e7 a visitar l&#8217;Alzina del Vent.<\/p>\n<p>El fullet del bosc ens ha enviat una carta i hem hagut d&#8217;ajudar-lo trobant pistes per la muntanya. En arribar a l&#8217;Alzina, hem aprofitat tot el que hem treballat sobre mesura i hem mesurat el seu tronc amb diverses eines.<\/p>\n<p>Ens ho hem passat molt b\u00e9, per aix\u00f2 us deixem unes fotos de la nostra experi\u00e8ncia.<\/p>\n<p>&nbsp;<\/p>\n<p><a href=\"https:\/\/drive.google.com\/drive\/folders\/1MDn9LzV9rWxQtFzZV7i9nZG7iNnkIlQB?usp=sharing\">IMATGES SORTIDA ALZINA DEL VENT<\/a><\/p>\n","protected":false},"excerpt":{"rendered":"<p>Els nens i nenes de cicle inicial hem anat d&#8217;excursi\u00f3 a la muntanya de Sant Lloren\u00e7 a visitar l&#8217;Alzina del Vent.<br \/>\nEl fullet del bosc ens ha enviat una carta i hem hagut d&#8217;ajudar-lo trobant pistes per la muntanya. En arribar a l&#8217;Alzina, hem aprofitat tot&hellip;  <a href=\"https:\/\/agora.xtec.cat\/ceip-falba\/portada\/cicle-inicial-visita-lalzina-del-vent\/\" title=\"Read CICLE INICIAL VISITA L&#8217;ALZINA DEL VENT\">Llegeix m\u00e9s\u00bb<\/a><\/p>\n","protected":false},"author":8,"featured_media":2576,"comment_status":"closed","ping_status":"closed","sticky":false,"template":"","format":"standard","meta":{"_bbp_topic_count":0,"_bbp_reply_count":0,"_bbp_total_topic_count":0,"_bbp_total_reply_count":0,"_bbp_voice_count":0,"_bbp_anonymous_reply_count":0,"_bbp_topic_count_hidden":0,"_bbp_reply_count_hidden":0,"_bbp_forum_subforum_count":0,"footnotes":""},"categories":[10,11,192,4],"tags":[],"class_list":["post-2575","post","type-post","status-publish","format-standard","has-post-thumbnail","hentry","category-1r","category-2n","category-curs-2017-2018","category-portada"],"post_mailing_queue_ids":[],"_links":{"self":[{"href":"https:\/\/agora.xtec.cat\/ceip-falba\/wp-json\/wp\/v2\/posts\/2575","targetHints":{"allow":["GET"]}}],"collection":[{"href":"https:\/\/agora.xtec.cat\/ceip-falba\/wp-json\/wp\/v2\/posts"}],"about":[{"href":"https:\/\/agora.xtec.cat\/ceip-falba\/wp-json\/wp\/v2\/types\/post"}],"author":[{"embeddable":true,"href":"https:\/\/agora.xtec.cat\/ceip-falba\/wp-json\/wp\/v2\/users\/8"}],"replies":[{"embeddable":true,"href":"https:\/\/agora.xtec.cat\/ceip-falba\/wp-json\/wp\/v2\/comments?post=2575"}],"version-history":[{"count":1,"href":"https:\/\/agora.xtec.cat\/ceip-falba\/wp-json\/wp\/v2\/posts\/2575\/revisions"}],"predecessor-version":[{"id":2577,"href":"https:\/\/agora.xtec.cat\/ceip-falba\/wp-json\/wp\/v2\/posts\/2575\/revisions\/2577"}],"wp:featuredmedia":[{"embeddable":true,"href":"https:\/\/agora.xtec.cat\/ceip-falba\/wp-json\/wp\/v2\/media\/2576"}],"wp:attachment":[{"href":"https:\/\/agora.xtec.cat\/ceip-falba\/wp-json\/wp\/v2\/media?parent=2575"}],"wp:term":[{"taxonomy":"category","embeddable":true,"href":"https:\/\/agora.xtec.cat\/ceip-falba\/wp-json\/wp\/v2\/categories?post=2575"},{"taxonomy":"post_tag","embeddable":true,"href":"https:\/\/agora.xtec.cat\/ceip-falba\/wp-json\/wp\/v2\/tags?post=2575"}],"curies":[{"name":"wp","href":"https:\/\/api.w.org\/{rel}","templated":true}]}}