{"id":2368,"date":"2017-11-02T13:05:37","date_gmt":"2017-11-02T12:05:37","guid":{"rendered":"http:\/\/agora.xtec.cat\/ceip-falba\/?p=2368"},"modified":"2017-11-02T13:06:44","modified_gmt":"2017-11-02T12:06:44","slug":"font-tv-programa-1","status":"publish","type":"post","link":"https:\/\/agora.xtec.cat\/ceip-falba\/portada\/font-tv-programa-1\/","title":{"rendered":"FONT TV &#8211; Programa 1!"},"content":{"rendered":"<p>Us deixem el primer programa enregistrat pels nens i nenes de 6\u00e8. Ens hem estrenat aquest curs, 2017-2018 parlant de temes tan importants com la contaminaci\u00f3, hem fet el reportatge del centre de tractament de residus del Vall\u00e8s, tenim consells de com aprendre m\u00e9s i millor angl\u00e8s, el concurs de lletrejar, hem anat a Brasil i moltes coses m\u00e9s!<\/p>\n<p style=\"text-align: center;\">Voleu saber qu\u00e8 passa a l&#8217;escola i qu\u00e8 estem estudiant?<\/p>\n<h1 style=\"text-align: center;\"><strong>FONT TV <\/strong>&#8211;\u00a0La televisi\u00f3 de Font de l&#8217;Alba!<\/h1>\n<p style=\"text-align: center;\"><iframe loading=\"lazy\" src=\"\/\/www.youtube.com\/embed\/0xLRpeNQ9p4\" width=\"560\" height=\"314\" allowfullscreen=\"allowfullscreen\"><\/iframe><\/p>\n<p>&nbsp;<\/p>\n<p>&nbsp;<\/p>\n<p>&nbsp;<\/p>\n","protected":false},"excerpt":{"rendered":"<p>Us deixem el primer programa enregistrat pels nens i nenes de 6\u00e8. Voleu saber qu\u00e8 passa a l&#8217;escola i qu\u00e8 estem estudiant? FONT TV &#8211; La televisi\u00f3 de Font de l&#8217;Alba!&hellip;  <a href=\"https:\/\/agora.xtec.cat\/ceip-falba\/portada\/font-tv-programa-1\/\" title=\"Read FONT TV &#8211; Programa 1!\">Llegeix m\u00e9s\u00bb<\/a><\/p>\n","protected":false},"author":1,"featured_media":2370,"comment_status":"closed","ping_status":"closed","sticky":false,"template":"","format":"standard","meta":{"_bbp_topic_count":0,"_bbp_reply_count":0,"_bbp_total_topic_count":0,"_bbp_total_reply_count":0,"_bbp_voice_count":0,"_bbp_anonymous_reply_count":0,"_bbp_topic_count_hidden":0,"_bbp_reply_count_hidden":0,"_bbp_forum_subforum_count":0,"footnotes":""},"categories":[14,15,192,26,4],"tags":[],"class_list":["post-2368","post","type-post","status-publish","format-standard","has-post-thumbnail","hentry","category-5e","category-6e","category-curs-2017-2018","category-fonttv","category-portada"],"post_mailing_queue_ids":[],"_links":{"self":[{"href":"https:\/\/agora.xtec.cat\/ceip-falba\/wp-json\/wp\/v2\/posts\/2368","targetHints":{"allow":["GET"]}}],"collection":[{"href":"https:\/\/agora.xtec.cat\/ceip-falba\/wp-json\/wp\/v2\/posts"}],"about":[{"href":"https:\/\/agora.xtec.cat\/ceip-falba\/wp-json\/wp\/v2\/types\/post"}],"author":[{"embeddable":true,"href":"https:\/\/agora.xtec.cat\/ceip-falba\/wp-json\/wp\/v2\/users\/1"}],"replies":[{"embeddable":true,"href":"https:\/\/agora.xtec.cat\/ceip-falba\/wp-json\/wp\/v2\/comments?post=2368"}],"version-history":[{"count":2,"href":"https:\/\/agora.xtec.cat\/ceip-falba\/wp-json\/wp\/v2\/posts\/2368\/revisions"}],"predecessor-version":[{"id":2372,"href":"https:\/\/agora.xtec.cat\/ceip-falba\/wp-json\/wp\/v2\/posts\/2368\/revisions\/2372"}],"wp:featuredmedia":[{"embeddable":true,"href":"https:\/\/agora.xtec.cat\/ceip-falba\/wp-json\/wp\/v2\/media\/2370"}],"wp:attachment":[{"href":"https:\/\/agora.xtec.cat\/ceip-falba\/wp-json\/wp\/v2\/media?parent=2368"}],"wp:term":[{"taxonomy":"category","embeddable":true,"href":"https:\/\/agora.xtec.cat\/ceip-falba\/wp-json\/wp\/v2\/categories?post=2368"},{"taxonomy":"post_tag","embeddable":true,"href":"https:\/\/agora.xtec.cat\/ceip-falba\/wp-json\/wp\/v2\/tags?post=2368"}],"curies":[{"name":"wp","href":"https:\/\/api.w.org\/{rel}","templated":true}]}}