{"id":230,"date":"2016-02-16T09:41:22","date_gmt":"2016-02-16T08:41:22","guid":{"rendered":"http:\/\/agora.xtec.cat\/ceip-falba\/?p=230"},"modified":"2018-12-15T08:16:16","modified_gmt":"2018-12-15T07:16:16","slug":"preinscripcio-2016-2017","status":"publish","type":"post","link":"https:\/\/agora.xtec.cat\/ceip-falba\/portada\/preinscripcio-2016-2017\/","title":{"rendered":"Preinscripci\u00f3 2016-2017"},"content":{"rendered":"<div class=\"FW_sArticleFoto\">\n<div class=\"FW_sEditPro\">\n<p>Els terminis previstos de <strong>presentaci\u00f3 de sol\u00b7licituds<\/strong> s\u00f3n:<\/p>\n<ul>\n<li>Del\u00a0<strong>30 de mar\u00e7 al 7 d&#8217;abril<\/strong>, per al segon cicle <a href='https:\/\/www.365inflatable.com\/a054048-buy-cheap-commercial-inflatable-water-slides.html'>Commercial Inflatable Water Slides<\/a> d&#8217;educaci\u00f3 infantil, educaci\u00f3 prim\u00e0ria, centres integrats i educaci\u00f3 secund\u00e0ria obligat\u00f2ria.<\/li>\n<\/ul>\n<\/div>\n<\/div>\n<p style=\"text-align: left;\"><strong>M\u00e9s informaci\u00f3<\/strong> a la web del <a href=\"http:\/\/queestudiar.gencat.cat\/ca\/preinscripcio\/informacio_general\/index.html\" target=\"_blank\" rel=\"noopener\">Departament d&#8217;Ensenyament<\/a> i la de <a href=\"http:\/\/www.terrassa.cat\/escolaritzacio-ome\" target=\"_blank\" rel=\"noopener\">l&#8217;Oficina de Matriculaci\u00f3 de Terrassa<\/a>.<\/p>\n","protected":false},"excerpt":{"rendered":"<p>Terminis i m\u00e9s informaci\u00f3&hellip;  <a href=\"https:\/\/agora.xtec.cat\/ceip-falba\/portada\/preinscripcio-2016-2017\/\" title=\"Read Preinscripci\u00f3 2016-2017\">Llegeix m\u00e9s\u00bb<\/a><\/p>\n","protected":false},"author":1,"featured_media":243,"comment_status":"closed","ping_status":"closed","sticky":false,"template":"","format":"standard","meta":{"_bbp_topic_count":0,"_bbp_reply_count":0,"_bbp_total_topic_count":0,"_bbp_total_reply_count":0,"_bbp_voice_count":0,"_bbp_anonymous_reply_count":0,"_bbp_topic_count_hidden":0,"_bbp_reply_count_hidden":0,"_bbp_forum_subforum_count":0,"footnotes":""},"categories":[29,31,4],"tags":[38],"class_list":["post-230","post","type-post","status-publish","format-standard","has-post-thumbnail","hentry","category-curs-2015-16","category-matriculacio","category-portada","tag-pre-inscripcio-2016-2017"],"post_mailing_queue_ids":[],"_links":{"self":[{"href":"https:\/\/agora.xtec.cat\/ceip-falba\/wp-json\/wp\/v2\/posts\/230","targetHints":{"allow":["GET"]}}],"collection":[{"href":"https:\/\/agora.xtec.cat\/ceip-falba\/wp-json\/wp\/v2\/posts"}],"about":[{"href":"https:\/\/agora.xtec.cat\/ceip-falba\/wp-json\/wp\/v2\/types\/post"}],"author":[{"embeddable":true,"href":"https:\/\/agora.xtec.cat\/ceip-falba\/wp-json\/wp\/v2\/users\/1"}],"replies":[{"embeddable":true,"href":"https:\/\/agora.xtec.cat\/ceip-falba\/wp-json\/wp\/v2\/comments?post=230"}],"version-history":[{"count":3,"href":"https:\/\/agora.xtec.cat\/ceip-falba\/wp-json\/wp\/v2\/posts\/230\/revisions"}],"predecessor-version":[{"id":4857,"href":"https:\/\/agora.xtec.cat\/ceip-falba\/wp-json\/wp\/v2\/posts\/230\/revisions\/4857"}],"wp:featuredmedia":[{"embeddable":true,"href":"https:\/\/agora.xtec.cat\/ceip-falba\/wp-json\/wp\/v2\/media\/243"}],"wp:attachment":[{"href":"https:\/\/agora.xtec.cat\/ceip-falba\/wp-json\/wp\/v2\/media?parent=230"}],"wp:term":[{"taxonomy":"category","embeddable":true,"href":"https:\/\/agora.xtec.cat\/ceip-falba\/wp-json\/wp\/v2\/categories?post=230"},{"taxonomy":"post_tag","embeddable":true,"href":"https:\/\/agora.xtec.cat\/ceip-falba\/wp-json\/wp\/v2\/tags?post=230"}],"curies":[{"name":"wp","href":"https:\/\/api.w.org\/{rel}","templated":true}]}}