{"id":2155,"date":"2017-09-25T12:43:43","date_gmt":"2017-09-25T10:43:43","guid":{"rendered":"http:\/\/agora.xtec.cat\/ceip-falba\/?p=2155"},"modified":"2017-09-29T09:28:45","modified_gmt":"2017-09-29T07:28:45","slug":"volem-la-pau","status":"publish","type":"post","link":"https:\/\/agora.xtec.cat\/ceip-falba\/infantil\/p3\/volem-la-pau\/","title":{"rendered":"VOLEM LA PAU"},"content":{"rendered":"<p>El dia 21 de setembre la nostra escola vam celebrar el Dia Internacional de la Pau. A l&#8217;escola estem conven\u00e7uts que buscar el b\u00e9 de totes les persones ens ajuda a fer d&#8217;aquest un m\u00f3n millor i aix\u00ed ho vam reivindar. Ens solidaritzem amb aquesta idea, la de buscar la pau, i tamb\u00e9 amb les persones que pateixen per qualsevol circumst\u00e0ncia. Aix\u00ed mateix, vam poder reflexionar amb frases molt significatives que ens ajuden a pensar en els altres. Finalment, vam escoltar la can\u00e7\u00f3 &#8220;Volem la pau&#8221;, una can\u00e7\u00f3 versionada per la Lidia Camp\u00e0.<\/p>\n<p>&nbsp;<\/p>\n<p><iframe loading=\"lazy\" src=\"\/\/www.youtube.com\/embed\/QZ4iILILFgQ\" width=\"560\" height=\"314\" allowfullscreen=\"allowfullscreen\"><\/iframe><\/p>\n<p>&nbsp;<\/p>\n","protected":false},"excerpt":{"rendered":"<p>El dia 21 de setembre la nostra escola vam celebrar el Dia Internacional de la Pau.&hellip;  <a href=\"https:\/\/agora.xtec.cat\/ceip-falba\/infantil\/p3\/volem-la-pau\/\" title=\"Read VOLEM LA PAU\">Llegeix m\u00e9s\u00bb<\/a><\/p>\n","protected":false},"author":1,"featured_media":2156,"comment_status":"closed","ping_status":"closed","sticky":false,"template":"","format":"standard","meta":{"_bbp_topic_count":0,"_bbp_reply_count":0,"_bbp_total_topic_count":0,"_bbp_total_reply_count":0,"_bbp_voice_count":0,"_bbp_anonymous_reply_count":0,"_bbp_topic_count_hidden":0,"_bbp_reply_count_hidden":0,"_bbp_forum_subforum_count":0,"footnotes":""},"categories":[10,11,12,14,15,192,172,3,8,9,4,5],"tags":[],"class_list":["post-2155","post","type-post","status-publish","format-standard","has-post-thumbnail","hentry","category-1r","category-2n","category-3r","category-5e","category-6e","category-curs-2017-2018","category-dies-internacionals","category-p3","category-p4","category-p5","category-portada","category-primaria"],"post_mailing_queue_ids":[],"_links":{"self":[{"href":"https:\/\/agora.xtec.cat\/ceip-falba\/wp-json\/wp\/v2\/posts\/2155","targetHints":{"allow":["GET"]}}],"collection":[{"href":"https:\/\/agora.xtec.cat\/ceip-falba\/wp-json\/wp\/v2\/posts"}],"about":[{"href":"https:\/\/agora.xtec.cat\/ceip-falba\/wp-json\/wp\/v2\/types\/post"}],"author":[{"embeddable":true,"href":"https:\/\/agora.xtec.cat\/ceip-falba\/wp-json\/wp\/v2\/users\/1"}],"replies":[{"embeddable":true,"href":"https:\/\/agora.xtec.cat\/ceip-falba\/wp-json\/wp\/v2\/comments?post=2155"}],"version-history":[{"count":2,"href":"https:\/\/agora.xtec.cat\/ceip-falba\/wp-json\/wp\/v2\/posts\/2155\/revisions"}],"predecessor-version":[{"id":2160,"href":"https:\/\/agora.xtec.cat\/ceip-falba\/wp-json\/wp\/v2\/posts\/2155\/revisions\/2160"}],"wp:featuredmedia":[{"embeddable":true,"href":"https:\/\/agora.xtec.cat\/ceip-falba\/wp-json\/wp\/v2\/media\/2156"}],"wp:attachment":[{"href":"https:\/\/agora.xtec.cat\/ceip-falba\/wp-json\/wp\/v2\/media?parent=2155"}],"wp:term":[{"taxonomy":"category","embeddable":true,"href":"https:\/\/agora.xtec.cat\/ceip-falba\/wp-json\/wp\/v2\/categories?post=2155"},{"taxonomy":"post_tag","embeddable":true,"href":"https:\/\/agora.xtec.cat\/ceip-falba\/wp-json\/wp\/v2\/tags?post=2155"}],"curies":[{"name":"wp","href":"https:\/\/api.w.org\/{rel}","templated":true}]}}