{"id":2118,"date":"2017-06-30T13:13:30","date_gmt":"2017-06-30T11:13:30","guid":{"rendered":"http:\/\/agora.xtec.cat\/ceip-falba\/?p=2118"},"modified":"2017-07-04T13:14:41","modified_gmt":"2017-07-04T11:14:41","slug":"musica-viscuda-el-concert","status":"publish","type":"post","link":"https:\/\/agora.xtec.cat\/ceip-falba\/portada\/musica-viscuda-el-concert\/","title":{"rendered":"M\u00daSICA VISCUDA &#8211; El concert"},"content":{"rendered":"<p>Us deixem el concert de &#8220;M\u00fasica Viscuda&#8221;, l&#8217;extraescolar de m\u00fasica que hem fet gr\u00e0cies a la col\u00b7laboraci\u00f3 del Conservatori de Terrassa. Donem les gr\u00e0cies a tots els que ho han fet possible, des de l&#8217;Ajuntament de Terrassa, el Conservatori i l&#8217;enlla\u00e7 de Coordinaci\u00f3, la Carme i, sobretot, al mestre de contrabaix, l&#8217;Esteve Colom\u00e9s, el qual ha estat l&#8217;encarregat de dur a terme \u00a0les sessions musicals durant aquest curs.<\/p>\n<p>Moltes gr\u00e0cies i felicitats als nens i nenes que han participat de l&#8217;extraescolar i ens han fet gaudir al Concert!<\/p>\n<p>&nbsp;<\/p>\n<p><a href=\"http:\/\/agora.xtec.cat\/ceip-falba\/wp-content\/uploads\/usu658\/2017\/06\/collage-musica-viscuda3.jpg\"><img loading=\"lazy\" decoding=\"async\" class=\"alignright size-thumbnail wp-image-2120\" src=\"http:\/\/agora.xtec.cat\/ceip-falba\/wp-content\/uploads\/usu658\/2017\/06\/collage-musica-viscuda3-150x150.jpg\" alt=\"collage musica viscuda3\" width=\"150\" height=\"150\" srcset=\"https:\/\/agora.xtec.cat\/ceip-falba\/wp-content\/uploads\/usu658\/2017\/06\/collage-musica-viscuda3-150x150.jpg 150w, https:\/\/agora.xtec.cat\/ceip-falba\/wp-content\/uploads\/usu658\/2017\/06\/collage-musica-viscuda3-300x300.jpg 300w, https:\/\/agora.xtec.cat\/ceip-falba\/wp-content\/uploads\/usu658\/2017\/06\/collage-musica-viscuda3-768x768.jpg 768w, https:\/\/agora.xtec.cat\/ceip-falba\/wp-content\/uploads\/usu658\/2017\/06\/collage-musica-viscuda3-1024x1024.jpg 1024w, https:\/\/agora.xtec.cat\/ceip-falba\/wp-content\/uploads\/usu658\/2017\/06\/collage-musica-viscuda3.jpg 1994w\" sizes=\"auto, (max-width: 150px) 100vw, 150px\" \/><\/a><\/p>\n<p>&nbsp;<\/p>\n<p>&nbsp;<\/p>\n<p><iframe loading=\"lazy\" src=\"\/\/www.youtube.com\/embed\/dgKLBMCw76U\" width=\"560\" height=\"314\" allowfullscreen=\"allowfullscreen\"><\/iframe><\/p>\n<p>&nbsp;<\/p>\n","protected":false},"excerpt":{"rendered":"<p>Us deixem el concert de &#8220;M\u00fasica Viscuda&#8221;, l&#8217;extraescolar de m\u00fasica que hem fet gr\u00e0cies a la col\u00b7laboraci\u00f3 del Conservatori de Terrassa. &hellip;  <a href=\"https:\/\/agora.xtec.cat\/ceip-falba\/portada\/musica-viscuda-el-concert\/\" title=\"Read M\u00daSICA VISCUDA &#8211; El concert\">Llegeix m\u00e9s\u00bb<\/a><\/p>\n","protected":false},"author":1,"featured_media":2120,"comment_status":"closed","ping_status":"closed","sticky":false,"template":"","format":"standard","meta":{"_bbp_topic_count":0,"_bbp_reply_count":0,"_bbp_total_topic_count":0,"_bbp_total_reply_count":0,"_bbp_voice_count":0,"_bbp_anonymous_reply_count":0,"_bbp_topic_count_hidden":0,"_bbp_reply_count_hidden":0,"_bbp_forum_subforum_count":0,"footnotes":""},"categories":[12,14,15,122,120,34,4],"tags":[],"class_list":["post-2118","post","type-post","status-publish","format-standard","has-post-thumbnail","hentry","category-3r","category-5e","category-6e","category-extraescolars","category-curs-2016-2017","category-musica","category-portada"],"post_mailing_queue_ids":[],"_links":{"self":[{"href":"https:\/\/agora.xtec.cat\/ceip-falba\/wp-json\/wp\/v2\/posts\/2118","targetHints":{"allow":["GET"]}}],"collection":[{"href":"https:\/\/agora.xtec.cat\/ceip-falba\/wp-json\/wp\/v2\/posts"}],"about":[{"href":"https:\/\/agora.xtec.cat\/ceip-falba\/wp-json\/wp\/v2\/types\/post"}],"author":[{"embeddable":true,"href":"https:\/\/agora.xtec.cat\/ceip-falba\/wp-json\/wp\/v2\/users\/1"}],"replies":[{"embeddable":true,"href":"https:\/\/agora.xtec.cat\/ceip-falba\/wp-json\/wp\/v2\/comments?post=2118"}],"version-history":[{"count":3,"href":"https:\/\/agora.xtec.cat\/ceip-falba\/wp-json\/wp\/v2\/posts\/2118\/revisions"}],"predecessor-version":[{"id":2129,"href":"https:\/\/agora.xtec.cat\/ceip-falba\/wp-json\/wp\/v2\/posts\/2118\/revisions\/2129"}],"wp:featuredmedia":[{"embeddable":true,"href":"https:\/\/agora.xtec.cat\/ceip-falba\/wp-json\/wp\/v2\/media\/2120"}],"wp:attachment":[{"href":"https:\/\/agora.xtec.cat\/ceip-falba\/wp-json\/wp\/v2\/media?parent=2118"}],"wp:term":[{"taxonomy":"category","embeddable":true,"href":"https:\/\/agora.xtec.cat\/ceip-falba\/wp-json\/wp\/v2\/categories?post=2118"},{"taxonomy":"post_tag","embeddable":true,"href":"https:\/\/agora.xtec.cat\/ceip-falba\/wp-json\/wp\/v2\/tags?post=2118"}],"curies":[{"name":"wp","href":"https:\/\/api.w.org\/{rel}","templated":true}]}}