{"id":2005,"date":"2017-05-22T13:15:48","date_gmt":"2017-05-22T11:15:48","guid":{"rendered":"http:\/\/agora.xtec.cat\/ceip-falba\/?p=2005"},"modified":"2017-05-22T13:16:10","modified_gmt":"2017-05-22T11:16:10","slug":"semifinal-johan-cruyff","status":"publish","type":"post","link":"https:\/\/agora.xtec.cat\/ceip-falba\/portada\/semifinal-johan-cruyff\/","title":{"rendered":"Semifinal Johan Cruyff"},"content":{"rendered":"<p><iframe loading=\"lazy\" title=\"Semifinal Johan Cruyff\" width=\"500\" height=\"375\" src=\"https:\/\/www.youtube.com\/embed\/A_dU62BSkPw?feature=oembed\" frameborder=\"0\" allow=\"accelerometer; autoplay; clipboard-write; encrypted-media; gyroscope; picture-in-picture; web-share\" referrerpolicy=\"strict-origin-when-cross-origin\" allowfullscreen><\/iframe><\/p>\n<p>El passat divendres 12 de maig, es va disputar la semifinal del torneig Johan Cruyff al barri de can Tusell , on l&#8217;escola l&#8217;escola Font de l&#8217;Alba hi va participar amb un equip en la categoria masculina i un per la femenina, contra els equips que van passar de l&#8217;escola Sant Lloren\u00e7 i Pere Viver.<\/p>\n<p>Els 2 partits van ser molt actius i din\u00e0mics, amb molt bon joc entre els seus components. El seu entrenador, Javi Barrera va ser molt encertat en els canvis i en el nivell de joc que els hi exigia.<\/p>\n<p><!--more--><\/p>\n<p>&nbsp;<\/p>\n<p>Les noies de Font de l&#8217;Alba\u00a0els hi va costar entrar en el partit degut al alt nivell de l&#8217;equip contrari al qual no estan acostumades, per\u00f2 no van llen\u00e7ar la tovallola i amb la seva forma de jugar van\u00a0seguir lluitant i intentant crear perill a l&#8217;\u00e0rea contraria. Va ser una trista derrota per\u00f2 molt ben lluitada per l&#8217;equip femen\u00ed!! Pel que fa a l&#8217;equip mascul\u00ed de la Font de l&#8217;Alba, en tot moment i des de l&#8217;inici van estar molt concentrats i coordinats i aix\u00f2 va fer que el joc fos molt flu\u00eft i igualat, d&#8217;un alt nivell i sense deixar que la pilotat estigu\u00e9s quieta. D&#8217;aquesta manera van guanyar el primer partit contra el Pere Viver 3-1, fet que els va permetre passar a la final de Terrassa contra el Sant Lloren\u00e7 i que tamb\u00e9 van guanyar satisfact\u00f2riament per un 4-3, proclamant-se aix\u00ed Campions de Terrassa. Tot seguit, van jugar contra el Badia a la final territorial. Va ser un partit disputat per\u00f2 amb una clara vict\u00f2ria nostra gr\u00e0cies al molt bon joc de l&#8217;equip.<\/p>\n<p>Les nostres noies van guanyar el premi al Respecte i els nostres nois van quedar Campions de Terrassa del torneig Johan Cruyff i ara restem a l&#8217;espera del que pugui passar el dia 11 de juny, ja que l&#8217;equip mascul\u00ed anir\u00e0 a Igualada a disputar la Final Nacional Cruyff Courts.<\/p>\n<p>I tot aix\u00f2 no hagu\u00e9s estat possible sense tots els\/les nostres alumnes de l&#8217;escola, pares i mares i l&#8217;entrenador Javi Barrera, que tamb\u00e9 hi van participar animant als seus companys sense parar, amb crits d&#8217;\u00e0nim i una s\u00faper pancarta!!!<\/p>\n<p>Moltes gr\u00e0cies a tots!!!<\/p>\n<p>Us deixem comentaris i sensacions de la seva experi\u00e8ncia viscuda:<\/p>\n<p>&#8220;Quan vam guanyar el torneig sent\u00edem que no ens ho creiem. Ara hem d&#8217;anar a jugar a Igualada!! Va ser una gran experi\u00e8ncia&#8221; \u00c8ric, Juan Jos\u00e9 i Khalil.<\/p>\n<p>&#8220;M&#8217;ha agradat molt partricipar al torneig encara que el meu equip no s&#8217;hagi classificat. Mho he pasat genial. M&#8217;ha agradat m\u00e9s per\u00f2, que guanyi la nostra escola!!&#8221; In\u00e0s.<\/p>\n<p>&#8220;van guanyar perqu\u00e8 jo i els meus companys vam anar a animar amb m\u00fasica i la pancarta que vam fer&#8221; Carlos M.<\/p>\n<p>&#8220;vam arribar a casa af\u00f2nic de tant cridar i animar la nostra escola i estem molt emocionats perqu\u00e8 van guanyar. For\u00e7a Font de l&#8217;Alba!! Ara a Igualada!!!&#8221; Joel i Hiba<\/p>\n","protected":false},"excerpt":{"rendered":"<p>El passat divendres 12 de maig, es va disputar la semifinal del torneig Johan Cruyff al barri de can Tusell , on l&#8217;escola l&#8217;escola Font de l&#8217;Alba hi va participar amb un equip en la categoria masculina i un per la femenina, contra els equips&hellip;  <a href=\"https:\/\/agora.xtec.cat\/ceip-falba\/portada\/semifinal-johan-cruyff\/\" title=\"Read Semifinal Johan Cruyff\">Llegeix m\u00e9s\u00bb<\/a><\/p>\n","protected":false},"author":1,"featured_media":2008,"comment_status":"closed","ping_status":"open","sticky":false,"template":"","format":"standard","meta":{"_bbp_topic_count":0,"_bbp_reply_count":0,"_bbp_total_topic_count":0,"_bbp_total_reply_count":0,"_bbp_voice_count":0,"_bbp_anonymous_reply_count":0,"_bbp_topic_count_hidden":0,"_bbp_reply_count_hidden":0,"_bbp_forum_subforum_count":0,"footnotes":""},"categories":[15,120,4,5],"tags":[158,167,83,183],"class_list":["post-2005","post","type-post","status-publish","format-standard","has-post-thumbnail","hentry","category-6e","category-curs-2016-2017","category-portada","category-primaria","tag-2016-17","tag-curs-2016-2017","tag-futbol","tag-torneig"],"post_mailing_queue_ids":[],"_links":{"self":[{"href":"https:\/\/agora.xtec.cat\/ceip-falba\/wp-json\/wp\/v2\/posts\/2005","targetHints":{"allow":["GET"]}}],"collection":[{"href":"https:\/\/agora.xtec.cat\/ceip-falba\/wp-json\/wp\/v2\/posts"}],"about":[{"href":"https:\/\/agora.xtec.cat\/ceip-falba\/wp-json\/wp\/v2\/types\/post"}],"author":[{"embeddable":true,"href":"https:\/\/agora.xtec.cat\/ceip-falba\/wp-json\/wp\/v2\/users\/1"}],"replies":[{"embeddable":true,"href":"https:\/\/agora.xtec.cat\/ceip-falba\/wp-json\/wp\/v2\/comments?post=2005"}],"version-history":[{"count":2,"href":"https:\/\/agora.xtec.cat\/ceip-falba\/wp-json\/wp\/v2\/posts\/2005\/revisions"}],"predecessor-version":[{"id":2009,"href":"https:\/\/agora.xtec.cat\/ceip-falba\/wp-json\/wp\/v2\/posts\/2005\/revisions\/2009"}],"wp:featuredmedia":[{"embeddable":true,"href":"https:\/\/agora.xtec.cat\/ceip-falba\/wp-json\/wp\/v2\/media\/2008"}],"wp:attachment":[{"href":"https:\/\/agora.xtec.cat\/ceip-falba\/wp-json\/wp\/v2\/media?parent=2005"}],"wp:term":[{"taxonomy":"category","embeddable":true,"href":"https:\/\/agora.xtec.cat\/ceip-falba\/wp-json\/wp\/v2\/categories?post=2005"},{"taxonomy":"post_tag","embeddable":true,"href":"https:\/\/agora.xtec.cat\/ceip-falba\/wp-json\/wp\/v2\/tags?post=2005"}],"curies":[{"name":"wp","href":"https:\/\/api.w.org\/{rel}","templated":true}]}}