{"id":1861,"date":"2017-03-27T13:02:41","date_gmt":"2017-03-27T11:02:41","guid":{"rendered":"http:\/\/agora.xtec.cat\/ceip-falba\/?p=1861"},"modified":"2017-03-27T17:25:35","modified_gmt":"2017-03-27T15:25:35","slug":"font-tv-programa-20-03-2017","status":"publish","type":"post","link":"https:\/\/agora.xtec.cat\/ceip-falba\/general\/font-tv-programa-20-03-2017\/","title":{"rendered":"FONT TV &#8211; Programa 20-03-2017"},"content":{"rendered":"<p>En el programa realitzat durant aquests dies, els nens i nenes de 6\u00e8 ens parlen de les not\u00edcies de l&#8217;escola, el programa d&#8217;activitats incloent-hi la 35\u00e8 Festival de Jazz que es celebra a Terrassa, l&#8217;extraescolar d&#8217;angl\u00e8s amb la Clare, ens parlen de la sortida d&#8217;orientaci\u00f3 que van fer des d&#8217;educaci\u00f3 f\u00edsica, la secci\u00f3 en angl\u00e8s on ens fan viatjar fins a Portugal i d&#8217;altres temes per si volem saber m\u00e9s, en aquest cas, d&#8217;Andalusia i la seva gent!<\/p>\n<p>Esperem que gaudiu molt!<\/p>\n<p style=\"text-align: center;\"><iframe loading=\"lazy\" src=\"\/\/www.youtube.com\/embed\/9EPvbRK0Yco\" width=\"560\" height=\"314\" allowfullscreen=\"allowfullscreen\"><\/iframe><\/p>\n","protected":false},"excerpt":{"rendered":"<p>En el programa realitzat durant aquests dies, els nens i nenes de 6\u00e8 ens parlen de les not\u00edcies de l&#8217;escola, el programa d&#8217;activitats incloent-hi la 35\u00e8 Festival de Jazz que es celebra a Terrassa, l&#8217;extraescolar d&#8217;angl\u00e8s amb la Clare, ens parlen de la sortida d&#8217;orientaci\u00f3&hellip;  <a href=\"https:\/\/agora.xtec.cat\/ceip-falba\/general\/font-tv-programa-20-03-2017\/\" title=\"Read FONT TV &#8211; Programa 20-03-2017\">Llegeix m\u00e9s\u00bb<\/a><\/p>\n","protected":false},"author":1,"featured_media":1883,"comment_status":"closed","ping_status":"open","sticky":false,"template":"","format":"standard","meta":{"_bbp_topic_count":0,"_bbp_reply_count":0,"_bbp_total_topic_count":0,"_bbp_total_reply_count":0,"_bbp_voice_count":0,"_bbp_anonymous_reply_count":0,"_bbp_topic_count_hidden":0,"_bbp_reply_count_hidden":0,"_bbp_forum_subforum_count":0,"footnotes":""},"categories":[15,120,26,1,4,5],"tags":[],"class_list":["post-1861","post","type-post","status-publish","format-standard","has-post-thumbnail","hentry","category-6e","category-curs-2016-2017","category-fonttv","category-general","category-portada","category-primaria"],"post_mailing_queue_ids":[],"_links":{"self":[{"href":"https:\/\/agora.xtec.cat\/ceip-falba\/wp-json\/wp\/v2\/posts\/1861","targetHints":{"allow":["GET"]}}],"collection":[{"href":"https:\/\/agora.xtec.cat\/ceip-falba\/wp-json\/wp\/v2\/posts"}],"about":[{"href":"https:\/\/agora.xtec.cat\/ceip-falba\/wp-json\/wp\/v2\/types\/post"}],"author":[{"embeddable":true,"href":"https:\/\/agora.xtec.cat\/ceip-falba\/wp-json\/wp\/v2\/users\/1"}],"replies":[{"embeddable":true,"href":"https:\/\/agora.xtec.cat\/ceip-falba\/wp-json\/wp\/v2\/comments?post=1861"}],"version-history":[{"count":2,"href":"https:\/\/agora.xtec.cat\/ceip-falba\/wp-json\/wp\/v2\/posts\/1861\/revisions"}],"predecessor-version":[{"id":1882,"href":"https:\/\/agora.xtec.cat\/ceip-falba\/wp-json\/wp\/v2\/posts\/1861\/revisions\/1882"}],"wp:featuredmedia":[{"embeddable":true,"href":"https:\/\/agora.xtec.cat\/ceip-falba\/wp-json\/wp\/v2\/media\/1883"}],"wp:attachment":[{"href":"https:\/\/agora.xtec.cat\/ceip-falba\/wp-json\/wp\/v2\/media?parent=1861"}],"wp:term":[{"taxonomy":"category","embeddable":true,"href":"https:\/\/agora.xtec.cat\/ceip-falba\/wp-json\/wp\/v2\/categories?post=1861"},{"taxonomy":"post_tag","embeddable":true,"href":"https:\/\/agora.xtec.cat\/ceip-falba\/wp-json\/wp\/v2\/tags?post=1861"}],"curies":[{"name":"wp","href":"https:\/\/api.w.org\/{rel}","templated":true}]}}