{"id":1752,"date":"2016-11-20T11:55:07","date_gmt":"2016-11-20T10:55:07","guid":{"rendered":"http:\/\/agora.xtec.cat\/ceip-falba\/?p=1752"},"modified":"2017-02-08T16:56:02","modified_gmt":"2017-02-08T15:56:02","slug":"drets-dels-infants","status":"publish","type":"post","link":"https:\/\/agora.xtec.cat\/ceip-falba\/infantil\/drets-dels-infants\/","title":{"rendered":"DRETS DELS INFANTS"},"content":{"rendered":"<p>Des de l&#8217;escola treballem els drets i deures dels nostres infants. Aqu\u00ed podeu veure un recull dels treballs i la can\u00e7\u00f3 que vam preparar junts.<\/p>\n<p><iframe loading=\"lazy\" src=\"\/\/www.youtube.com\/embed\/5YylKmlbrfs\" width=\"560\" height=\"314\" allowfullscreen=\"allowfullscreen\"><\/iframe><\/p>\n<p>&nbsp;<\/p>\n","protected":false},"excerpt":{"rendered":"<p>S\u00ed que tenim drets!&hellip;  <a href=\"https:\/\/agora.xtec.cat\/ceip-falba\/infantil\/drets-dels-infants\/\" title=\"Read DRETS DELS INFANTS\">Llegeix m\u00e9s\u00bb<\/a><\/p>\n","protected":false},"author":1,"featured_media":1754,"comment_status":"closed","ping_status":"open","sticky":false,"template":"","format":"standard","meta":{"_bbp_topic_count":0,"_bbp_reply_count":0,"_bbp_total_topic_count":0,"_bbp_total_reply_count":0,"_bbp_voice_count":0,"_bbp_anonymous_reply_count":0,"_bbp_topic_count_hidden":0,"_bbp_reply_count_hidden":0,"_bbp_forum_subforum_count":0,"footnotes":""},"categories":[120,172,2,4,5],"tags":[167,174],"class_list":["post-1752","post","type-post","status-publish","format-standard","has-post-thumbnail","hentry","category-curs-2016-2017","category-dies-internacionals","category-infantil","category-portada","category-primaria","tag-curs-2016-2017","tag-drets-dels-infants"],"post_mailing_queue_ids":[],"_links":{"self":[{"href":"https:\/\/agora.xtec.cat\/ceip-falba\/wp-json\/wp\/v2\/posts\/1752","targetHints":{"allow":["GET"]}}],"collection":[{"href":"https:\/\/agora.xtec.cat\/ceip-falba\/wp-json\/wp\/v2\/posts"}],"about":[{"href":"https:\/\/agora.xtec.cat\/ceip-falba\/wp-json\/wp\/v2\/types\/post"}],"author":[{"embeddable":true,"href":"https:\/\/agora.xtec.cat\/ceip-falba\/wp-json\/wp\/v2\/users\/1"}],"replies":[{"embeddable":true,"href":"https:\/\/agora.xtec.cat\/ceip-falba\/wp-json\/wp\/v2\/comments?post=1752"}],"version-history":[{"count":1,"href":"https:\/\/agora.xtec.cat\/ceip-falba\/wp-json\/wp\/v2\/posts\/1752\/revisions"}],"predecessor-version":[{"id":1753,"href":"https:\/\/agora.xtec.cat\/ceip-falba\/wp-json\/wp\/v2\/posts\/1752\/revisions\/1753"}],"wp:featuredmedia":[{"embeddable":true,"href":"https:\/\/agora.xtec.cat\/ceip-falba\/wp-json\/wp\/v2\/media\/1754"}],"wp:attachment":[{"href":"https:\/\/agora.xtec.cat\/ceip-falba\/wp-json\/wp\/v2\/media?parent=1752"}],"wp:term":[{"taxonomy":"category","embeddable":true,"href":"https:\/\/agora.xtec.cat\/ceip-falba\/wp-json\/wp\/v2\/categories?post=1752"},{"taxonomy":"post_tag","embeddable":true,"href":"https:\/\/agora.xtec.cat\/ceip-falba\/wp-json\/wp\/v2\/tags?post=1752"}],"curies":[{"name":"wp","href":"https:\/\/api.w.org\/{rel}","templated":true}]}}