{"id":1690,"date":"2017-01-18T11:48:56","date_gmt":"2017-01-18T10:48:56","guid":{"rendered":"http:\/\/agora.xtec.cat\/ceip-falba\/?p=1690"},"modified":"2017-01-18T11:53:39","modified_gmt":"2017-01-18T10:53:39","slug":"qualitats-del-so","status":"publish","type":"post","link":"https:\/\/agora.xtec.cat\/ceip-falba\/portada\/qualitats-del-so\/","title":{"rendered":"QUALITATS DEL SO"},"content":{"rendered":"<p>&nbsp;<\/p>\n<p>Els alumnes de P5 estem treballant les qualitats del so: el greu i l&#8217;agut. Per tal de fer un aprofundiment d&#8217;aquest tema, estem aprenent a diferenciar els tipus de sons de l&#8217;escala musical amb instruments de placa com el xil\u00f2fon i el carill\u00f3. Ambd\u00f3s son instruments de percussi\u00f3 determinada i es toquen amb baquetes de fusta.<\/p>\n<p>Us deixem un petit tastet!<\/p>\n<p><a href=\"http:\/\/agora.xtec.cat\/ceip-falba\/wp-content\/uploads\/usu658\/2017\/01\/20170117_184717.jpg\"><img loading=\"lazy\" decoding=\"async\" class=\" wp-image-1691 aligncenter\" src=\"http:\/\/agora.xtec.cat\/ceip-falba\/wp-content\/uploads\/usu658\/2017\/01\/20170117_184717-1024x1024.jpg\" alt=\"20170117_184717\" width=\"496\" height=\"496\" srcset=\"https:\/\/agora.xtec.cat\/ceip-falba\/wp-content\/uploads\/usu658\/2017\/01\/20170117_184717-1024x1024.jpg 1024w, https:\/\/agora.xtec.cat\/ceip-falba\/wp-content\/uploads\/usu658\/2017\/01\/20170117_184717-150x150.jpg 150w, https:\/\/agora.xtec.cat\/ceip-falba\/wp-content\/uploads\/usu658\/2017\/01\/20170117_184717-300x300.jpg 300w, https:\/\/agora.xtec.cat\/ceip-falba\/wp-content\/uploads\/usu658\/2017\/01\/20170117_184717-768x768.jpg 768w, https:\/\/agora.xtec.cat\/ceip-falba\/wp-content\/uploads\/usu658\/2017\/01\/20170117_184717.jpg 1280w\" sizes=\"auto, (max-width: 496px) 100vw, 496px\" \/><\/a><\/p>\n<p>&nbsp;<\/p>\n<p><a href=\"http:\/\/agora.xtec.cat\/ceip-falba\/wp-content\/uploads\/usu658\/2017\/01\/20170117_184815.jpg\"><img loading=\"lazy\" decoding=\"async\" class=\"wp-image-1692 aligncenter\" src=\"http:\/\/agora.xtec.cat\/ceip-falba\/wp-content\/uploads\/usu658\/2017\/01\/20170117_184815-1024x1024.jpg\" alt=\"20170117_184815\" width=\"493\" height=\"493\" srcset=\"https:\/\/agora.xtec.cat\/ceip-falba\/wp-content\/uploads\/usu658\/2017\/01\/20170117_184815-1024x1024.jpg 1024w, https:\/\/agora.xtec.cat\/ceip-falba\/wp-content\/uploads\/usu658\/2017\/01\/20170117_184815-150x150.jpg 150w, https:\/\/agora.xtec.cat\/ceip-falba\/wp-content\/uploads\/usu658\/2017\/01\/20170117_184815-300x300.jpg 300w, https:\/\/agora.xtec.cat\/ceip-falba\/wp-content\/uploads\/usu658\/2017\/01\/20170117_184815-768x768.jpg 768w, https:\/\/agora.xtec.cat\/ceip-falba\/wp-content\/uploads\/usu658\/2017\/01\/20170117_184815.jpg 1280w\" sizes=\"auto, (max-width: 493px) 100vw, 493px\" \/><\/a><\/p>\n<p>&nbsp;<\/p>\n<p><a href=\"http:\/\/agora.xtec.cat\/ceip-falba\/wp-content\/uploads\/usu658\/2017\/01\/20170117_184941.jpg\"><img loading=\"lazy\" decoding=\"async\" class=\"wp-image-1693 aligncenter\" src=\"http:\/\/agora.xtec.cat\/ceip-falba\/wp-content\/uploads\/usu658\/2017\/01\/20170117_184941-1024x1024.jpg\" alt=\"20170117_184941\" width=\"499\" height=\"499\" srcset=\"https:\/\/agora.xtec.cat\/ceip-falba\/wp-content\/uploads\/usu658\/2017\/01\/20170117_184941-1024x1024.jpg 1024w, https:\/\/agora.xtec.cat\/ceip-falba\/wp-content\/uploads\/usu658\/2017\/01\/20170117_184941-150x150.jpg 150w, https:\/\/agora.xtec.cat\/ceip-falba\/wp-content\/uploads\/usu658\/2017\/01\/20170117_184941-300x300.jpg 300w, https:\/\/agora.xtec.cat\/ceip-falba\/wp-content\/uploads\/usu658\/2017\/01\/20170117_184941-768x768.jpg 768w, https:\/\/agora.xtec.cat\/ceip-falba\/wp-content\/uploads\/usu658\/2017\/01\/20170117_184941.jpg 1280w\" sizes=\"auto, (max-width: 499px) 100vw, 499px\" \/><\/a><\/p>\n<p>&nbsp;<\/p>\n<p><a href=\"http:\/\/agora.xtec.cat\/ceip-falba\/wp-content\/uploads\/usu658\/2017\/01\/20170117_184019.jpg\"><img loading=\"lazy\" decoding=\"async\" class=\"wp-image-1694 aligncenter\" src=\"http:\/\/agora.xtec.cat\/ceip-falba\/wp-content\/uploads\/usu658\/2017\/01\/20170117_184019-1024x1024.jpg\" alt=\"20170117_184019\" width=\"506\" height=\"506\" srcset=\"https:\/\/agora.xtec.cat\/ceip-falba\/wp-content\/uploads\/usu658\/2017\/01\/20170117_184019-1024x1024.jpg 1024w, https:\/\/agora.xtec.cat\/ceip-falba\/wp-content\/uploads\/usu658\/2017\/01\/20170117_184019-150x150.jpg 150w, https:\/\/agora.xtec.cat\/ceip-falba\/wp-content\/uploads\/usu658\/2017\/01\/20170117_184019-300x300.jpg 300w, https:\/\/agora.xtec.cat\/ceip-falba\/wp-content\/uploads\/usu658\/2017\/01\/20170117_184019-768x768.jpg 768w, https:\/\/agora.xtec.cat\/ceip-falba\/wp-content\/uploads\/usu658\/2017\/01\/20170117_184019.jpg 1280w\" sizes=\"auto, (max-width: 506px) 100vw, 506px\" \/><\/a><\/p>\n<p>&nbsp;<\/p>\n<p><a href=\"http:\/\/agora.xtec.cat\/ceip-falba\/wp-content\/uploads\/usu658\/2017\/01\/20170117_184310.jpg\"><img loading=\"lazy\" decoding=\"async\" class=\"wp-image-1695 aligncenter\" src=\"http:\/\/agora.xtec.cat\/ceip-falba\/wp-content\/uploads\/usu658\/2017\/01\/20170117_184310-1024x1024.jpg\" alt=\"20170117_184310\" width=\"500\" height=\"500\" srcset=\"https:\/\/agora.xtec.cat\/ceip-falba\/wp-content\/uploads\/usu658\/2017\/01\/20170117_184310-1024x1024.jpg 1024w, https:\/\/agora.xtec.cat\/ceip-falba\/wp-content\/uploads\/usu658\/2017\/01\/20170117_184310-150x150.jpg 150w, https:\/\/agora.xtec.cat\/ceip-falba\/wp-content\/uploads\/usu658\/2017\/01\/20170117_184310-300x300.jpg 300w, https:\/\/agora.xtec.cat\/ceip-falba\/wp-content\/uploads\/usu658\/2017\/01\/20170117_184310-768x768.jpg 768w, https:\/\/agora.xtec.cat\/ceip-falba\/wp-content\/uploads\/usu658\/2017\/01\/20170117_184310.jpg 1280w\" sizes=\"auto, (max-width: 500px) 100vw, 500px\" \/><\/a><\/p>\n","protected":false},"excerpt":{"rendered":"<p>Els alumnes de P5 estem treballant les qualitats del so: el greu i l&#8217;agut. &hellip;  <a href=\"https:\/\/agora.xtec.cat\/ceip-falba\/portada\/qualitats-del-so\/\" title=\"Read QUALITATS DEL SO\">Llegeix m\u00e9s\u00bb<\/a><\/p>\n","protected":false},"author":1,"featured_media":1691,"comment_status":"closed","ping_status":"open","sticky":false,"template":"","format":"standard","meta":{"_bbp_topic_count":0,"_bbp_reply_count":0,"_bbp_total_topic_count":0,"_bbp_total_reply_count":0,"_bbp_voice_count":0,"_bbp_anonymous_reply_count":0,"_bbp_topic_count_hidden":0,"_bbp_reply_count_hidden":0,"_bbp_forum_subforum_count":0,"footnotes":""},"categories":[120,9,34,4],"tags":[],"class_list":["post-1690","post","type-post","status-publish","format-standard","has-post-thumbnail","hentry","category-curs-2016-2017","category-p5","category-musica","category-portada"],"post_mailing_queue_ids":[],"_links":{"self":[{"href":"https:\/\/agora.xtec.cat\/ceip-falba\/wp-json\/wp\/v2\/posts\/1690","targetHints":{"allow":["GET"]}}],"collection":[{"href":"https:\/\/agora.xtec.cat\/ceip-falba\/wp-json\/wp\/v2\/posts"}],"about":[{"href":"https:\/\/agora.xtec.cat\/ceip-falba\/wp-json\/wp\/v2\/types\/post"}],"author":[{"embeddable":true,"href":"https:\/\/agora.xtec.cat\/ceip-falba\/wp-json\/wp\/v2\/users\/1"}],"replies":[{"embeddable":true,"href":"https:\/\/agora.xtec.cat\/ceip-falba\/wp-json\/wp\/v2\/comments?post=1690"}],"version-history":[{"count":3,"href":"https:\/\/agora.xtec.cat\/ceip-falba\/wp-json\/wp\/v2\/posts\/1690\/revisions"}],"predecessor-version":[{"id":1701,"href":"https:\/\/agora.xtec.cat\/ceip-falba\/wp-json\/wp\/v2\/posts\/1690\/revisions\/1701"}],"wp:featuredmedia":[{"embeddable":true,"href":"https:\/\/agora.xtec.cat\/ceip-falba\/wp-json\/wp\/v2\/media\/1691"}],"wp:attachment":[{"href":"https:\/\/agora.xtec.cat\/ceip-falba\/wp-json\/wp\/v2\/media?parent=1690"}],"wp:term":[{"taxonomy":"category","embeddable":true,"href":"https:\/\/agora.xtec.cat\/ceip-falba\/wp-json\/wp\/v2\/categories?post=1690"},{"taxonomy":"post_tag","embeddable":true,"href":"https:\/\/agora.xtec.cat\/ceip-falba\/wp-json\/wp\/v2\/tags?post=1690"}],"curies":[{"name":"wp","href":"https:\/\/api.w.org\/{rel}","templated":true}]}}