{"id":1656,"date":"2017-01-12T11:43:06","date_gmt":"2017-01-12T10:43:06","guid":{"rendered":"http:\/\/agora.xtec.cat\/ceip-falba\/?p=1656"},"modified":"2017-01-12T11:47:13","modified_gmt":"2017-01-12T10:47:13","slug":"musica-viscuda-2","status":"publish","type":"post","link":"https:\/\/agora.xtec.cat\/ceip-falba\/general\/musica-viscuda-2\/","title":{"rendered":"MUSICA VISCUDA"},"content":{"rendered":"<p>Aquesta setmana han comen\u00e7at les classes\u00a0de M\u00daSICA VISCUDA, l&#8217;extraescolar que enguany el Conservatori de Terrassa porta a terme a la nostra escola, gracies a l&#8217;Ajuntament de Terrassa.\u00a0Amb el mestre de l&#8217;escola de m\u00fasica que ve cada dimarts,\u00a0els nens i nenes aprenen a viure la m\u00fasica des de diferents perspectives i, sobretot, d&#8217;una manera m\u00e9s intuitiva i vivencial amb diferents materials urbans, instruments musicals o amb el propi cos.<\/p>\n<p>Estem molt contents de gaudir una vegada m\u00e9s de l&#8217;experi\u00e8ncia que proporciona la m\u00fasica, d&#8217;una manera social i col\u00b7lectiva, viscuda i atrevida. La m\u00fasica ens porta per camins que ens poden il\u00b7lusionar, fer riure, disfrutar, curar, &#8230; La m\u00fasica ens fa endinsar-nos en un m\u00f3n ple d&#8217;aventures i fer petits tastets art\u00edstics del que ens ha vingut donat: la vida.<\/p>\n<p>Esperem que gaudiu i aprofiteu molt d&#8217;aquest recurs m\u00e9s que ofereix l&#8217;escola!<\/p>\n<p><a href=\"http:\/\/agora.xtec.cat\/ceip-falba\/wp-content\/uploads\/usu658\/2017\/01\/IMG-20170110-WA0011.jpg\"><img loading=\"lazy\" decoding=\"async\" class=\" wp-image-1657 aligncenter\" src=\"http:\/\/agora.xtec.cat\/ceip-falba\/wp-content\/uploads\/usu658\/2017\/01\/IMG-20170110-WA0011-1024x576.jpg\" alt=\"img-20170110-wa0011\" width=\"681\" height=\"383\" srcset=\"https:\/\/agora.xtec.cat\/ceip-falba\/wp-content\/uploads\/usu658\/2017\/01\/IMG-20170110-WA0011-1024x576.jpg 1024w, https:\/\/agora.xtec.cat\/ceip-falba\/wp-content\/uploads\/usu658\/2017\/01\/IMG-20170110-WA0011-300x169.jpg 300w, https:\/\/agora.xtec.cat\/ceip-falba\/wp-content\/uploads\/usu658\/2017\/01\/IMG-20170110-WA0011-768x432.jpg 768w, https:\/\/agora.xtec.cat\/ceip-falba\/wp-content\/uploads\/usu658\/2017\/01\/IMG-20170110-WA0011.jpg 1600w\" sizes=\"auto, (max-width: 681px) 100vw, 681px\" \/><\/a><\/p>\n<p><a href=\"http:\/\/agora.xtec.cat\/ceip-falba\/wp-content\/uploads\/usu658\/2017\/01\/IMG-20170110-WA0016.jpg\"><img loading=\"lazy\" decoding=\"async\" class=\" wp-image-1661 aligncenter\" src=\"http:\/\/agora.xtec.cat\/ceip-falba\/wp-content\/uploads\/usu658\/2017\/01\/IMG-20170110-WA0016-1024x576.jpg\" alt=\"img-20170110-wa0016\" width=\"672\" height=\"378\" srcset=\"https:\/\/agora.xtec.cat\/ceip-falba\/wp-content\/uploads\/usu658\/2017\/01\/IMG-20170110-WA0016-1024x576.jpg 1024w, https:\/\/agora.xtec.cat\/ceip-falba\/wp-content\/uploads\/usu658\/2017\/01\/IMG-20170110-WA0016-300x169.jpg 300w, https:\/\/agora.xtec.cat\/ceip-falba\/wp-content\/uploads\/usu658\/2017\/01\/IMG-20170110-WA0016-768x432.jpg 768w, https:\/\/agora.xtec.cat\/ceip-falba\/wp-content\/uploads\/usu658\/2017\/01\/IMG-20170110-WA0016.jpg 1600w\" sizes=\"auto, (max-width: 672px) 100vw, 672px\" \/><\/a><\/p>\n<p><a href=\"http:\/\/agora.xtec.cat\/ceip-falba\/wp-content\/uploads\/usu658\/2017\/01\/IMG-20170110-WA0012.jpg\"><img loading=\"lazy\" decoding=\"async\" class=\"wp-image-1658 aligncenter\" src=\"http:\/\/agora.xtec.cat\/ceip-falba\/wp-content\/uploads\/usu658\/2017\/01\/IMG-20170110-WA0012-1024x576.jpg\" alt=\"img-20170110-wa0012\" width=\"688\" height=\"387\" srcset=\"https:\/\/agora.xtec.cat\/ceip-falba\/wp-content\/uploads\/usu658\/2017\/01\/IMG-20170110-WA0012-1024x576.jpg 1024w, https:\/\/agora.xtec.cat\/ceip-falba\/wp-content\/uploads\/usu658\/2017\/01\/IMG-20170110-WA0012-300x169.jpg 300w, https:\/\/agora.xtec.cat\/ceip-falba\/wp-content\/uploads\/usu658\/2017\/01\/IMG-20170110-WA0012-768x432.jpg 768w, https:\/\/agora.xtec.cat\/ceip-falba\/wp-content\/uploads\/usu658\/2017\/01\/IMG-20170110-WA0012.jpg 1600w\" sizes=\"auto, (max-width: 688px) 100vw, 688px\" \/><\/a><\/p>\n","protected":false},"excerpt":{"rendered":"<p>Aquesta setmana han comen\u00e7at les classes\u00a0de M\u00daSICA VISCUDA, l&#8217;extraescolar que enguany el Conservatori de Terrassa porta a terme a la nostra escola, gracies a l&#8217;Ajuntament de Terrassa.\u00a0Amb el mestre de l&#8217;escola de m\u00fasica que ve cada dimarts,\u00a0els nens i nenes aprenen a viure la m\u00fasica&hellip;  <a href=\"https:\/\/agora.xtec.cat\/ceip-falba\/general\/musica-viscuda-2\/\" title=\"Read MUSICA VISCUDA\">Llegeix m\u00e9s\u00bb<\/a><\/p>\n","protected":false},"author":1,"featured_media":1658,"comment_status":"closed","ping_status":"open","sticky":false,"template":"","format":"standard","meta":{"_bbp_topic_count":0,"_bbp_reply_count":0,"_bbp_total_topic_count":0,"_bbp_total_reply_count":0,"_bbp_voice_count":0,"_bbp_anonymous_reply_count":0,"_bbp_topic_count_hidden":0,"_bbp_reply_count_hidden":0,"_bbp_forum_subforum_count":0,"footnotes":""},"categories":[12,14,15,122,120,1,34,4],"tags":[],"class_list":["post-1656","post","type-post","status-publish","format-standard","has-post-thumbnail","hentry","category-3r","category-5e","category-6e","category-extraescolars","category-curs-2016-2017","category-general","category-musica","category-portada"],"post_mailing_queue_ids":[],"_links":{"self":[{"href":"https:\/\/agora.xtec.cat\/ceip-falba\/wp-json\/wp\/v2\/posts\/1656","targetHints":{"allow":["GET"]}}],"collection":[{"href":"https:\/\/agora.xtec.cat\/ceip-falba\/wp-json\/wp\/v2\/posts"}],"about":[{"href":"https:\/\/agora.xtec.cat\/ceip-falba\/wp-json\/wp\/v2\/types\/post"}],"author":[{"embeddable":true,"href":"https:\/\/agora.xtec.cat\/ceip-falba\/wp-json\/wp\/v2\/users\/1"}],"replies":[{"embeddable":true,"href":"https:\/\/agora.xtec.cat\/ceip-falba\/wp-json\/wp\/v2\/comments?post=1656"}],"version-history":[{"count":3,"href":"https:\/\/agora.xtec.cat\/ceip-falba\/wp-json\/wp\/v2\/posts\/1656\/revisions"}],"predecessor-version":[{"id":1662,"href":"https:\/\/agora.xtec.cat\/ceip-falba\/wp-json\/wp\/v2\/posts\/1656\/revisions\/1662"}],"wp:featuredmedia":[{"embeddable":true,"href":"https:\/\/agora.xtec.cat\/ceip-falba\/wp-json\/wp\/v2\/media\/1658"}],"wp:attachment":[{"href":"https:\/\/agora.xtec.cat\/ceip-falba\/wp-json\/wp\/v2\/media?parent=1656"}],"wp:term":[{"taxonomy":"category","embeddable":true,"href":"https:\/\/agora.xtec.cat\/ceip-falba\/wp-json\/wp\/v2\/categories?post=1656"},{"taxonomy":"post_tag","embeddable":true,"href":"https:\/\/agora.xtec.cat\/ceip-falba\/wp-json\/wp\/v2\/tags?post=1656"}],"curies":[{"name":"wp","href":"https:\/\/api.w.org\/{rel}","templated":true}]}}