{"id":1532,"date":"2016-11-24T11:06:29","date_gmt":"2016-11-24T10:06:29","guid":{"rendered":"http:\/\/agora.xtec.cat\/ceip-falba\/?p=1532"},"modified":"2016-11-24T11:06:29","modified_gmt":"2016-11-24T10:06:29","slug":"curs-de-catala","status":"publish","type":"post","link":"https:\/\/agora.xtec.cat\/ceip-falba\/general\/curs-de-catala\/","title":{"rendered":"Curs de catal\u00e0"},"content":{"rendered":"<p>Benvolgudes fam\u00edlies,<\/p>\n<p>US INFORMEM QUE EL <strong>CURS DE CATAL\u00c0<\/strong> COMEN\u00c7AR\u00c0 LA PROPERA SETMANA:<\/p>\n<ul>\n<li>\u00a0<strong>NIVELL 2 (S\u00e9 llegir i escriure en la meva llengua materna per\u00f2 no entenc el catal\u00e0) <\/strong><\/li>\n<\/ul>\n<p><strong><u>Data d\u2019inici: 28\/11\/2016 (dilluns)<\/u><\/strong><\/p>\n<p>Horari: de 15:15h a 16:45h<\/p>\n<ul>\n<li><strong>NIVELL 3 (S\u00e9 llegir i escriure, entenc el catal\u00e0 per\u00f2 no m\u2019atreveixo a parlar-lo)<\/strong><\/li>\n<\/ul>\n<p><strong><u>Data d\u2019inici: 30\/11\/2016 (dimecres)<\/u><\/strong><\/p>\n<p><strong>\u00a0<\/strong>Horari: de 15:15h a 16:45h<\/p>\n<p><u>*El nivell 1 (no s\u00e9 llegir ni escriure) <\/u><strong><u>NO<\/u><\/strong> <strong><u>s\u2019impartir\u00e0 a l\u2019escola<\/u><\/strong><u>. Si hi esteu interessats us podeu dirigir a l\u2019esplai \u201cLa F\u00e0brica\u201d de Can Tusell on s\u2019est\u00e0 duent a terme un curs d\u2019alfabetitzaci\u00f3 els dijous de 9\u201930 a 11\u201930h.<\/u><\/p>\n<p>&nbsp;<\/p>\n","protected":false},"excerpt":{"rendered":"<p>Benvolgudes fam\u00edlies,<br \/>\nUS INFORMEM QUE EL CURS DE CATAL\u00c0 COMEN\u00c7AR\u00c0 LA PROPERA SETMANA:<\/p>\n<ul>\n<li>\u00a0NIVELL 2 (S\u00e9 llegir i escriure en la meva llengua materna per\u00f2 no entenc el catal\u00e0) <\/li>\n<\/ul>\n<p>Data d\u2019inici: 28\/11\/2016 (dilluns)<br \/>\nHorari: de 15:15h a 16:45h<\/p>\n<ul>\n<li>NIVELL 3 (S\u00e9 llegir i escriure, entenc el catal\u00e0 per\u00f2 no&hellip;  <a href=\"https:\/\/agora.xtec.cat\/ceip-falba\/general\/curs-de-catala\/\" title=\"Read Curs de catal\u00e0\">Llegeix m\u00e9s\u00bb<\/a><br \/>\n","protected":false},"author":6,"featured_media":0,"comment_status":"closed","ping_status":"open","sticky":false,"template":"","format":"standard","meta":{"_bbp_topic_count":0,"_bbp_reply_count":0,"_bbp_total_topic_count":0,"_bbp_total_reply_count":0,"_bbp_voice_count":0,"_bbp_anonymous_reply_count":0,"_bbp_topic_count_hidden":0,"_bbp_reply_count_hidden":0,"_bbp_forum_subforum_count":0,"footnotes":""},"categories":[7,120,1,4],"tags":[39,86,154],"class_list":["post-1532","post","type-post","status-publish","format-standard","hentry","category-ampa","category-curs-2016-2017","category-general","category-portada","tag-ampa","tag-curs-catala","tag-families"],"post_mailing_queue_ids":[],"_links":{"self":[{"href":"https:\/\/agora.xtec.cat\/ceip-falba\/wp-json\/wp\/v2\/posts\/1532","targetHints":{"allow":["GET"]}}],"collection":[{"href":"https:\/\/agora.xtec.cat\/ceip-falba\/wp-json\/wp\/v2\/posts"}],"about":[{"href":"https:\/\/agora.xtec.cat\/ceip-falba\/wp-json\/wp\/v2\/types\/post"}],"author":[{"embeddable":true,"href":"https:\/\/agora.xtec.cat\/ceip-falba\/wp-json\/wp\/v2\/users\/6"}],"replies":[{"embeddable":true,"href":"https:\/\/agora.xtec.cat\/ceip-falba\/wp-json\/wp\/v2\/comments?post=1532"}],"version-history":[{"count":1,"href":"https:\/\/agora.xtec.cat\/ceip-falba\/wp-json\/wp\/v2\/posts\/1532\/revisions"}],"predecessor-version":[{"id":1533,"href":"https:\/\/agora.xtec.cat\/ceip-falba\/wp-json\/wp\/v2\/posts\/1532\/revisions\/1533"}],"wp:attachment":[{"href":"https:\/\/agora.xtec.cat\/ceip-falba\/wp-json\/wp\/v2\/media?parent=1532"}],"wp:term":[{"taxonomy":"category","embeddable":true,"href":"https:\/\/agora.xtec.cat\/ceip-falba\/wp-json\/wp\/v2\/categories?post=1532"},{"taxonomy":"post_tag","embeddable":true,"href":"https:\/\/agora.xtec.cat\/ceip-falba\/wp-json\/wp\/v2\/tags?post=1532"}],"curies":[{"name":"wp","href":"https:\/\/api.w.org\/{rel}","templated":true}]}}