{"id":1497,"date":"2016-09-30T12:41:07","date_gmt":"2016-09-30T11:41:07","guid":{"rendered":"http:\/\/agora.xtec.cat\/ceip-falba\/?p=1497"},"modified":"2016-09-30T12:41:45","modified_gmt":"2016-09-30T11:41:45","slug":"inici-de-les-extraescolars","status":"publish","type":"post","link":"https:\/\/agora.xtec.cat\/ceip-falba\/general\/inici-de-les-extraescolars\/","title":{"rendered":"Inici de les Extraescolars!"},"content":{"rendered":"<p>Atenci\u00f3 Pares i mares, tal i com estava previst les extraescolars <strong>comencen el dia 3 d&#8217;octubre!<\/strong><\/p>\n<p>L&#8217;\u00fanica activitat que <strong>no podem iniciar el proper dilluns \u00e9s l&#8217;extraescolar de Multiesports<\/strong>, est\u00e0 prevista que comenci a principis de novembre. En cas que comenci abans, us n&#8217;informar\u00edem.<\/p>\n<p>Us recordem que, de moment, us podeu seguir apuntant a les activitats.<\/p>\n<p>Les extraescolars que s&#8217;impartiran a l&#8217;escola s\u00f3n: Hip-hop (dimecres), angl\u00e8s infantil (dimarts), angl\u00e8s prim\u00e0ria (divendres), futbol (dimecres) i estudi assistit (dimarts i dijous).<\/p>\n<p>L&#8217;activitat de piscina s&#8217;impartir\u00e0 al gimn\u00e0s TerrassaSports (els han de portar els pares, cal recollir als alumnes apuntats a les 16\u00b430h a l&#8217;escola. Heu de signar i retornar a l&#8217;escola l&#8217;autoritzaci\u00f3 per sortir abans que us vam lliurar)<\/p>\n","protected":false},"excerpt":{"rendered":"<p>Atenci\u00f3 Pares i mares, tal i com estava previst les extraescolars comencen el dia 3 d&#8217;octubre!<br \/>\nL&#8217;\u00fanica activitat que no podem iniciar el proper dilluns \u00e9s l&#8217;extraescolar de Multiesports, est\u00e0 prevista que comenci a principis de novembre. En cas que comenci abans, us n&#8217;informar\u00edem.<br \/>\nUs recordem que,&hellip;  <a href=\"https:\/\/agora.xtec.cat\/ceip-falba\/general\/inici-de-les-extraescolars\/\" title=\"Read Inici de les Extraescolars!\">Llegeix m\u00e9s\u00bb<\/a><\/p>\n","protected":false},"author":6,"featured_media":0,"comment_status":"closed","ping_status":"closed","sticky":false,"template":"","format":"standard","meta":{"_bbp_topic_count":0,"_bbp_reply_count":0,"_bbp_total_topic_count":0,"_bbp_total_reply_count":0,"_bbp_voice_count":0,"_bbp_anonymous_reply_count":0,"_bbp_topic_count_hidden":0,"_bbp_reply_count_hidden":0,"_bbp_forum_subforum_count":0,"footnotes":""},"categories":[7,120,1,4],"tags":[39,93,149],"class_list":["post-1497","post","type-post","status-publish","format-standard","hentry","category-ampa","category-curs-2016-2017","category-general","category-portada","tag-ampa","tag-extraescolars","tag-inici"],"post_mailing_queue_ids":[],"_links":{"self":[{"href":"https:\/\/agora.xtec.cat\/ceip-falba\/wp-json\/wp\/v2\/posts\/1497","targetHints":{"allow":["GET"]}}],"collection":[{"href":"https:\/\/agora.xtec.cat\/ceip-falba\/wp-json\/wp\/v2\/posts"}],"about":[{"href":"https:\/\/agora.xtec.cat\/ceip-falba\/wp-json\/wp\/v2\/types\/post"}],"author":[{"embeddable":true,"href":"https:\/\/agora.xtec.cat\/ceip-falba\/wp-json\/wp\/v2\/users\/6"}],"replies":[{"embeddable":true,"href":"https:\/\/agora.xtec.cat\/ceip-falba\/wp-json\/wp\/v2\/comments?post=1497"}],"version-history":[{"count":1,"href":"https:\/\/agora.xtec.cat\/ceip-falba\/wp-json\/wp\/v2\/posts\/1497\/revisions"}],"predecessor-version":[{"id":1498,"href":"https:\/\/agora.xtec.cat\/ceip-falba\/wp-json\/wp\/v2\/posts\/1497\/revisions\/1498"}],"wp:attachment":[{"href":"https:\/\/agora.xtec.cat\/ceip-falba\/wp-json\/wp\/v2\/media?parent=1497"}],"wp:term":[{"taxonomy":"category","embeddable":true,"href":"https:\/\/agora.xtec.cat\/ceip-falba\/wp-json\/wp\/v2\/categories?post=1497"},{"taxonomy":"post_tag","embeddable":true,"href":"https:\/\/agora.xtec.cat\/ceip-falba\/wp-json\/wp\/v2\/tags?post=1497"}],"curies":[{"name":"wp","href":"https:\/\/api.w.org\/{rel}","templated":true}]}}