{"id":1492,"date":"2016-09-15T09:25:27","date_gmt":"2016-09-15T08:25:27","guid":{"rendered":"http:\/\/agora.xtec.cat\/ceip-falba\/?p=1492"},"modified":"2016-09-26T09:58:43","modified_gmt":"2016-09-26T08:58:43","slug":"mes-extraescolars","status":"publish","type":"post","link":"https:\/\/agora.xtec.cat\/ceip-falba\/general\/mes-extraescolars\/","title":{"rendered":"M\u00e9s extraescolars"},"content":{"rendered":"<p>Benvolguts pares i mares,<\/p>\n<p>a continuaci\u00f3 us fem una serie de consideracions a tenir en compte respecte a les extraescolars:<\/p>\n<ul>\n<li>Hi han activitats extraescolars que gestiona l&#8217;Ampa i unes altres que les gestiona una empresa externa a l&#8217;escola (Proesco)<\/li>\n<li>Les activitats que gestiona l&#8217;Ampa s\u00f3n: Acollida matinal, Hip-hop, piscina i Multiesports<\/li>\n<li>Les activitats que gestiona l&#8217;empresa Proesco s\u00f3n: Estudi Assistit, Angl\u00e8s i Futbol<\/li>\n<li>Respecte a les activitats de l&#8217;Ampa: quan ompliu el full d&#8217;inscripci\u00f3 no cal adjuntar fotografies ni fotoc\u00f2pia de la targeta sanit\u00e0ria ni el n\u00famero de compte. Amb el nom de l&#8217;alumne, el curs i l&#8217;activitat extraescolar que vol fer marcada \u00e9s suficient.<\/li>\n<li>Respecte a les activitats de l&#8217;empresa Proesco: Cal omplir i adjuntar el que ens demanen correctament.<\/li>\n<li>Les activitats que gestiona l&#8217;Ampa, com cada any, cal fer l&#8217;ingr\u00e9s del preu de l&#8217;extraescolar directament al compte de l&#8217;Ampa. Les que gestiona l&#8217;empresa us les cobraran directament pel vostre banc.<\/li>\n<li>Si coincideix que el vostre fill fa activitats gestionades per l&#8217;Ampa i per l&#8217;empresa Proesco cal omplir el full d&#8217;inscripci\u00f3 tal i com ens demana l&#8217;empresa. L&#8217;activitat de Proesco us la cobraran pel banc i la de l&#8217;Ampa haureu de fer l&#8217;ingr\u00e9s al nostre compte.<\/li>\n<li>L\u2019Activitat de Multiesports pot variar el preu ja que \u00e9s una activitat que disposa d\u2019una subvenci\u00f3 del Consell Esportiu. Rebre una subvenci\u00f3 NO SIGNIFICA QUE SIGUI GRATU\u00cfTA, sin\u00f3 que el preu ser\u00e0 redu\u00eft. Us n\u2019informarem!<\/li>\n<li>L\u2019extraescolar de piscina ES COBRAR\u00c0 EN UN \u00daNIC PAGAMENT ABANS DEL DIA <u>1 DE NOVEMBRE DE 2016<strong>. EL PREU TOTAL DEL CURS DE NATACI\u00d3 \u00c9S DE 192\u20ac.<\/strong> <\/u>Si us apunteu a aquesta extraescolar us farem arribar tota la informaci\u00f3 necess\u00e0ria. Aquesta extraescolar s\u2019imparteix al gimn\u00e0s TERRASSASPORTS: C\/Jocs Ol\u00edmpics \/ Voluntaris Ol\u00edmpics<\/li>\n<li>El preu mensual de <strong>l\u2019acollida matinal pot variar en funci\u00f3 de la quantitat de nens que facin \u00fas d\u2019aquesta activitat<\/strong>. Per a que us feu una idea, el curs passat es pagaven entre 35\u20ac-40\u20ac mensuals (5 dies a la setmana). Si us cal el servei de manera espor\u00e0dica cal pagar 3\u20ac directament al monitor el dia que en feu \u00fas.<\/li>\n<li>L\u2019Ampa es reserva el dret de fer fora de qualsevol activitat els alumnes amb una conducta inadequada.<\/li>\n<li>TOTES les activitats extraescolars estan previstes que comencin el dilluns <u>3 D\u2019OCTUBRE DE 2016<\/u>. Podeu entregar el full d\u2019inscripci\u00f3 <u>entre el 12 i el 15 de setembre de 2016<\/u>. M\u00e9s tard d\u2019aquesta data no podem garantir que els vostres fills puguin participar en l\u2019activitat escollida.<\/li>\n<li><strong>PER PARTICIPAR EN QUALSEVOL ACTIVITAT EXTRAESCOLAR \u00c9S OBLIGATORI SER S\u00d2CI DE L\u2019AMPA: 20\u20ac ANY\/FAM\u00cdLIA<\/strong>.<\/li>\n<\/ul>\n<p>Si teniu dubtes poseu-vos en contacte amb nosaltres: <a href=\"mailto:ampafontdelalba@gmail.com\">ampafontdelalba@gmail.com <\/a><\/p>\n","protected":false},"excerpt":{"rendered":"<p>Benvolguts pares i mares,<br \/>\na continuaci\u00f3 us fem una serie de consideracions a tenir en compte respecte a les extraescolars:<\/p>\n<ul>\n<li>Hi han activitats extraescolars que gestiona l&#8217;Ampa i unes altres que les gestiona una empresa externa a l&#8217;escola (Proesco)<\/li>\n<li>Les activitats que gestiona l&#8217;Ampa s\u00f3n: Acollida matinal, Hip-hop,&hellip;  <a href=\"https:\/\/agora.xtec.cat\/ceip-falba\/general\/mes-extraescolars\/\" title=\"Read M\u00e9s extraescolars\">Llegeix m\u00e9s\u00bb<\/a><br \/>\n","protected":false},"author":6,"featured_media":0,"comment_status":"open","ping_status":"open","sticky":false,"template":"","format":"standard","meta":{"_bbp_topic_count":0,"_bbp_reply_count":0,"_bbp_total_topic_count":0,"_bbp_total_reply_count":0,"_bbp_voice_count":0,"_bbp_anonymous_reply_count":0,"_bbp_topic_count_hidden":0,"_bbp_reply_count_hidden":0,"_bbp_forum_subforum_count":0,"footnotes":""},"categories":[122,7,120,1,4],"tags":[39,93,146],"class_list":["post-1492","post","type-post","status-publish","format-standard","hentry","category-extraescolars","category-ampa","category-curs-2016-2017","category-general","category-portada","tag-ampa","tag-extraescolars","tag-pares"],"post_mailing_queue_ids":[],"_links":{"self":[{"href":"https:\/\/agora.xtec.cat\/ceip-falba\/wp-json\/wp\/v2\/posts\/1492","targetHints":{"allow":["GET"]}}],"collection":[{"href":"https:\/\/agora.xtec.cat\/ceip-falba\/wp-json\/wp\/v2\/posts"}],"about":[{"href":"https:\/\/agora.xtec.cat\/ceip-falba\/wp-json\/wp\/v2\/types\/post"}],"author":[{"embeddable":true,"href":"https:\/\/agora.xtec.cat\/ceip-falba\/wp-json\/wp\/v2\/users\/6"}],"replies":[{"embeddable":true,"href":"https:\/\/agora.xtec.cat\/ceip-falba\/wp-json\/wp\/v2\/comments?post=1492"}],"version-history":[{"count":2,"href":"https:\/\/agora.xtec.cat\/ceip-falba\/wp-json\/wp\/v2\/posts\/1492\/revisions"}],"predecessor-version":[{"id":1494,"href":"https:\/\/agora.xtec.cat\/ceip-falba\/wp-json\/wp\/v2\/posts\/1492\/revisions\/1494"}],"wp:attachment":[{"href":"https:\/\/agora.xtec.cat\/ceip-falba\/wp-json\/wp\/v2\/media?parent=1492"}],"wp:term":[{"taxonomy":"category","embeddable":true,"href":"https:\/\/agora.xtec.cat\/ceip-falba\/wp-json\/wp\/v2\/categories?post=1492"},{"taxonomy":"post_tag","embeddable":true,"href":"https:\/\/agora.xtec.cat\/ceip-falba\/wp-json\/wp\/v2\/tags?post=1492"}],"curies":[{"name":"wp","href":"https:\/\/api.w.org\/{rel}","templated":true}]}}