{"id":1480,"date":"2016-09-14T09:22:19","date_gmt":"2016-09-14T08:22:19","guid":{"rendered":"http:\/\/agora.xtec.cat\/ceip-falba\/?p=1480"},"modified":"2016-09-14T19:11:22","modified_gmt":"2016-09-14T18:11:22","slug":"inici-de-curs","status":"publish","type":"post","link":"https:\/\/agora.xtec.cat\/ceip-falba\/general\/inici-de-curs\/","title":{"rendered":"Inici de curs"},"content":{"rendered":"<p>Benvolguts pares i mares,<\/p>\n<p>l&#8217;Ampa us desitja un bon inici de curs. Esperem que aquest curs sigui ben profit\u00f3s per tots vosaltres i pels nostres alumnes. Recordeu que per gaudir de les extraescolars i de totes les activitats que organitzem\u00a0 \u00e9s obligatori ser soci de l&#8217;Ampa i cal fer un ingr\u00e9s de 20\u20ac\/fam\u00edlia al n\u00famero de compte de l&#8217;Ampa:<\/p>\n<p><strong><span class=\"cuentaLarga\">ES76 0182 8135 110201543392<\/span> <\/strong><\/p>\n<p>No volem iniciar un nou curs sense acomiadar-nos d&#8217;un gran mestre i millor persona que per motius personals ha degut de canviar d&#8217;escola. Gr\u00e0cies Sebasti\u00e0 per ser-hi sempre! Esperem que aquesta nova etapa que has iniciat sigui tan o millor com la que has deixat. L&#8217;Ampa et vol agrair tots els esfor\u00e7os que has fet per l&#8217;escola com a director i com a mestre. Moltes gr\u00e0cies per tot i sigues feli\u00e7!<\/p>\n<p><a href=\"http:\/\/agora.xtec.cat\/ceip-falba\/wp-content\/uploads\/usu658\/2016\/09\/Acomiadament-sebastia\u0300.jpg\"><img loading=\"lazy\" decoding=\"async\" class=\"alignnone size-large wp-image-1481\" src=\"http:\/\/agora.xtec.cat\/ceip-falba\/wp-content\/uploads\/usu658\/2016\/09\/Acomiadament-sebastia\u0300-724x1024.jpg\" alt=\"Acomiadament sebastia\u0300\" width=\"724\" height=\"1024\" srcset=\"https:\/\/agora.xtec.cat\/ceip-falba\/wp-content\/uploads\/usu658\/2016\/09\/Acomiadament-sebastia\u0300-724x1024.jpg 724w, https:\/\/agora.xtec.cat\/ceip-falba\/wp-content\/uploads\/usu658\/2016\/09\/Acomiadament-sebastia\u0300-212x300.jpg 212w, https:\/\/agora.xtec.cat\/ceip-falba\/wp-content\/uploads\/usu658\/2016\/09\/Acomiadament-sebastia\u0300-768x1086.jpg 768w, https:\/\/agora.xtec.cat\/ceip-falba\/wp-content\/uploads\/usu658\/2016\/09\/Acomiadament-sebastia\u0300.jpg 1240w\" sizes=\"auto, (max-width: 724px) 100vw, 724px\" \/><\/a><\/p>\n<p>&nbsp;<\/p>\n","protected":false},"excerpt":{"rendered":"<p>Comencem un nous curs!&hellip;  <a href=\"https:\/\/agora.xtec.cat\/ceip-falba\/general\/inici-de-curs\/\" title=\"Read Inici de curs\">Llegeix m\u00e9s\u00bb<\/a><\/p>\n","protected":false},"author":6,"featured_media":1483,"comment_status":"closed","ping_status":"closed","sticky":false,"template":"","format":"standard","meta":{"_bbp_topic_count":0,"_bbp_reply_count":0,"_bbp_total_topic_count":0,"_bbp_total_reply_count":0,"_bbp_voice_count":0,"_bbp_anonymous_reply_count":0,"_bbp_topic_count_hidden":0,"_bbp_reply_count_hidden":0,"_bbp_forum_subforum_count":0,"footnotes":""},"categories":[7,120,1,4],"tags":[39,100,143],"class_list":["post-1480","post","type-post","status-publish","format-standard","has-post-thumbnail","hentry","category-ampa","category-curs-2016-2017","category-general","category-portada","tag-ampa","tag-comiat","tag-inici-de-curs"],"post_mailing_queue_ids":[],"_links":{"self":[{"href":"https:\/\/agora.xtec.cat\/ceip-falba\/wp-json\/wp\/v2\/posts\/1480","targetHints":{"allow":["GET"]}}],"collection":[{"href":"https:\/\/agora.xtec.cat\/ceip-falba\/wp-json\/wp\/v2\/posts"}],"about":[{"href":"https:\/\/agora.xtec.cat\/ceip-falba\/wp-json\/wp\/v2\/types\/post"}],"author":[{"embeddable":true,"href":"https:\/\/agora.xtec.cat\/ceip-falba\/wp-json\/wp\/v2\/users\/6"}],"replies":[{"embeddable":true,"href":"https:\/\/agora.xtec.cat\/ceip-falba\/wp-json\/wp\/v2\/comments?post=1480"}],"version-history":[{"count":1,"href":"https:\/\/agora.xtec.cat\/ceip-falba\/wp-json\/wp\/v2\/posts\/1480\/revisions"}],"predecessor-version":[{"id":1482,"href":"https:\/\/agora.xtec.cat\/ceip-falba\/wp-json\/wp\/v2\/posts\/1480\/revisions\/1482"}],"wp:featuredmedia":[{"embeddable":true,"href":"https:\/\/agora.xtec.cat\/ceip-falba\/wp-json\/wp\/v2\/media\/1483"}],"wp:attachment":[{"href":"https:\/\/agora.xtec.cat\/ceip-falba\/wp-json\/wp\/v2\/media?parent=1480"}],"wp:term":[{"taxonomy":"category","embeddable":true,"href":"https:\/\/agora.xtec.cat\/ceip-falba\/wp-json\/wp\/v2\/categories?post=1480"},{"taxonomy":"post_tag","embeddable":true,"href":"https:\/\/agora.xtec.cat\/ceip-falba\/wp-json\/wp\/v2\/tags?post=1480"}],"curies":[{"name":"wp","href":"https:\/\/api.w.org\/{rel}","templated":true}]}}