{"id":1391,"date":"2016-03-17T22:11:14","date_gmt":"2016-03-17T21:11:14","guid":{"rendered":"http:\/\/agora.xtec.cat\/ceip-falba\/?p=1391"},"modified":"2016-06-19T22:57:39","modified_gmt":"2016-06-19T21:57:39","slug":"visita-a-la-biblioteca","status":"publish","type":"post","link":"https:\/\/agora.xtec.cat\/ceip-falba\/infantil\/visita-a-la-biblioteca\/","title":{"rendered":"Visita a la biblioteca"},"content":{"rendered":"<p>Els elefants i els <span class=\"hiddenGreenError\">cargols<\/span> hem anat a la biblioteca, i la <span class=\"hiddenGrammarError\" style=\"padding-bottom: 2px; cursor: default; color: #666666; font-family: 'Open Sans', Helvetica, Arial, sans-serif; font-size: 16px; font-style: normal; font-variant: normal; font-weight: 300; letter-spacing: normal; line-height: 25px; orphans: auto; text-align: start; text-indent: 0px; text-transform: none; white-space: normal; widows: 1; word-spacing: 0px; -webkit-text-stroke-width: 0px; background-image: url('..\/..\/..\/..\/..\/images\/squiggle.png'); background-position: 0% 100%; background-repeat: repeat-x;\">Cari<\/span>, que treballa a la biblioteca, ens ha explicat moltes coses importants de la biblioteca i el seu funcionament. Tamb\u00e9 ens ha explicat contes molt divertits i despr\u00e9s hem estat una estoneta mirant llibres lliurement, ara que sabem quins llibres s\u00f3n adients per la nostra edat, com trobar-los i com guardar-los.<br \/>\nAh! Tamb\u00e9 ens ha deixat en pr\u00e9stec un munt de llibres dels oficis.<\/p>\n<p>Moltes gr\u00e0cies <span class=\"hiddenGrammarError\" style=\"padding-bottom: 2px; cursor: default; color: #666666; font-family: 'Open Sans', Helvetica, Arial, sans-serif; font-size: 16px; font-style: normal; font-variant: normal; font-weight: 300; letter-spacing: normal; line-height: 25px; orphans: auto; text-align: start; text-indent: 0px; text-transform: none; white-space: normal; widows: 1; word-spacing: 0px; -webkit-text-stroke-width: 0px; background-image: url('..\/..\/..\/..\/..\/images\/squiggle.png'); background-position: 0% 100%; background-repeat: repeat-x;\">Cari<\/span>.<\/p>\n<p><a href=\"https:\/\/goo.gl\/photos\/FQFozw4AMboWmYHMA\">FOTOS<\/a><\/p>\n","protected":false},"excerpt":{"rendered":"<p>Els elefants i els cargols hem anat a la biblioteca, i la Cari, que treballa a la biblioteca, ens ha explicat moltes coses importants de la biblioteca i el seu funcionament. Tamb\u00e9 ens ha explicat contes molt divertits i despr\u00e9s hem estat una estoneta mirant&hellip;  <a href=\"https:\/\/agora.xtec.cat\/ceip-falba\/infantil\/visita-a-la-biblioteca\/\" title=\"Read Visita a la biblioteca\">Llegeix m\u00e9s\u00bb<\/a><\/p>\n","protected":false},"author":1,"featured_media":1392,"comment_status":"closed","ping_status":"closed","sticky":false,"template":"","format":"standard","meta":{"_bbp_topic_count":0,"_bbp_reply_count":0,"_bbp_total_topic_count":0,"_bbp_total_reply_count":0,"_bbp_voice_count":0,"_bbp_anonymous_reply_count":0,"_bbp_topic_count_hidden":0,"_bbp_reply_count_hidden":0,"_bbp_forum_subforum_count":0,"footnotes":""},"categories":[29,9,2,4],"tags":[113,114,91],"class_list":["post-1391","post","type-post","status-publish","format-standard","has-post-thumbnail","hentry","category-curs-2015-16","category-p5","category-infantil","category-portada","tag-biblioteca","tag-sortida","tag-visita"],"post_mailing_queue_ids":[],"_links":{"self":[{"href":"https:\/\/agora.xtec.cat\/ceip-falba\/wp-json\/wp\/v2\/posts\/1391","targetHints":{"allow":["GET"]}}],"collection":[{"href":"https:\/\/agora.xtec.cat\/ceip-falba\/wp-json\/wp\/v2\/posts"}],"about":[{"href":"https:\/\/agora.xtec.cat\/ceip-falba\/wp-json\/wp\/v2\/types\/post"}],"author":[{"embeddable":true,"href":"https:\/\/agora.xtec.cat\/ceip-falba\/wp-json\/wp\/v2\/users\/1"}],"replies":[{"embeddable":true,"href":"https:\/\/agora.xtec.cat\/ceip-falba\/wp-json\/wp\/v2\/comments?post=1391"}],"version-history":[{"count":2,"href":"https:\/\/agora.xtec.cat\/ceip-falba\/wp-json\/wp\/v2\/posts\/1391\/revisions"}],"predecessor-version":[{"id":1394,"href":"https:\/\/agora.xtec.cat\/ceip-falba\/wp-json\/wp\/v2\/posts\/1391\/revisions\/1394"}],"wp:featuredmedia":[{"embeddable":true,"href":"https:\/\/agora.xtec.cat\/ceip-falba\/wp-json\/wp\/v2\/media\/1392"}],"wp:attachment":[{"href":"https:\/\/agora.xtec.cat\/ceip-falba\/wp-json\/wp\/v2\/media?parent=1391"}],"wp:term":[{"taxonomy":"category","embeddable":true,"href":"https:\/\/agora.xtec.cat\/ceip-falba\/wp-json\/wp\/v2\/categories?post=1391"},{"taxonomy":"post_tag","embeddable":true,"href":"https:\/\/agora.xtec.cat\/ceip-falba\/wp-json\/wp\/v2\/tags?post=1391"}],"curies":[{"name":"wp","href":"https:\/\/api.w.org\/{rel}","templated":true}]}}