{"id":13621,"date":"2026-04-27T13:03:32","date_gmt":"2026-04-27T11:03:32","guid":{"rendered":"https:\/\/agora.xtec.cat\/ceip-falba\/?p=13621"},"modified":"2026-04-27T13:04:44","modified_gmt":"2026-04-27T11:04:44","slug":"obra-de-teatre-de-4t-sant-jordi-2026","status":"publish","type":"post","link":"https:\/\/agora.xtec.cat\/ceip-falba\/general\/obra-de-teatre-de-4t-sant-jordi-2026\/","title":{"rendered":"Obra de Teatre de 4t: Sant Jordi 2026"},"content":{"rendered":"<p>El passat 24 d\u2019abril, l\u2019alumnat de 4t va pujar a l\u2019escenari per representar una original i creativa versi\u00f3 de la llegenda de Sant Jordi. Amb molta il\u00b7lusi\u00f3, esfor\u00e7 i treball en equip, els nens i nenes van donar vida a una hist\u00f2ria plena de moments divertits, emocions i alguna sorpresa que va captivar el p\u00fablic.<\/p>\n<p>L\u2019obra, preparada al llarg de diverses setmanes, va permetre als alumnes desenvolupar les seves habilitats expressives, la mem\u00f2ria i la confian\u00e7a davant dels altres, tot gaudint de l\u2019experi\u00e8ncia teatral.<\/p>\n<p>Si no vau poder assistir-hi o la voleu tornar a veure, ja teniu disponible el v\u00eddeo complet de la representaci\u00f3 al web de l\u2019escola.<\/p>\n<p>Accedeix clicant a l&#8217;enlla\u00e7!<\/p>\n<p>No us la perdeu!<\/p>\n<p><iframe loading=\"lazy\" src=\"\/\/www.youtube.com\/embed\/oPArMEWKqW8\" width=\"560\" height=\"314\" allowfullscreen=\"allowfullscreen\"><\/iframe><\/p>\n<p>&nbsp;<\/p>\n","protected":false},"excerpt":{"rendered":"<p>El passat 24 d\u2019abril, l\u2019alumnat de 4t va pujar a l\u2019escenari per representar una original i creativa versi\u00f3 de la llegenda de Sant Jordi. Amb molta il\u00b7lusi\u00f3, esfor\u00e7 i treball en equip, els nens i nenes van donar vida a una hist\u00f2ria plena de moments divertits, emocions i alguna sorpresa que va captivar el p\u00fablic.&hellip;  <a href=\"https:\/\/agora.xtec.cat\/ceip-falba\/general\/obra-de-teatre-de-4t-sant-jordi-2026\/\" title=\"Read Obra de Teatre de 4t: Sant Jordi 2026\">Llegeix m\u00e9s\u00bb<\/a><\/p>\n","protected":false},"author":72,"featured_media":13622,"comment_status":"closed","ping_status":"open","sticky":false,"template":"","format":"standard","meta":{"_bbp_topic_count":0,"_bbp_reply_count":0,"_bbp_total_topic_count":0,"_bbp_total_reply_count":0,"_bbp_voice_count":0,"_bbp_anonymous_reply_count":0,"_bbp_topic_count_hidden":0,"_bbp_reply_count_hidden":0,"_bbp_forum_subforum_count":0,"footnotes":""},"categories":[211,527,445,572,35,1,4,5,589],"tags":[341,594,592,591,595,69,590,111,593],"class_list":["post-13621","post","type-post","status-publish","format-standard","has-post-thumbnail","hentry","category-4t","category-art","category-comunitat-gran","category-curs-2025-26","category-festes","category-general","category-portada","category-primaria","category-sant-jordi-2","tag-4t","tag-cultura","tag-llegenda","tag-obra-de-teatre","tag-popular","tag-sant-jordi","tag-sant-jordi-2026","tag-teatre","tag-tradicio"],"post_mailing_queue_ids":[],"_links":{"self":[{"href":"https:\/\/agora.xtec.cat\/ceip-falba\/wp-json\/wp\/v2\/posts\/13621","targetHints":{"allow":["GET"]}}],"collection":[{"href":"https:\/\/agora.xtec.cat\/ceip-falba\/wp-json\/wp\/v2\/posts"}],"about":[{"href":"https:\/\/agora.xtec.cat\/ceip-falba\/wp-json\/wp\/v2\/types\/post"}],"author":[{"embeddable":true,"href":"https:\/\/agora.xtec.cat\/ceip-falba\/wp-json\/wp\/v2\/users\/72"}],"replies":[{"embeddable":true,"href":"https:\/\/agora.xtec.cat\/ceip-falba\/wp-json\/wp\/v2\/comments?post=13621"}],"version-history":[{"count":1,"href":"https:\/\/agora.xtec.cat\/ceip-falba\/wp-json\/wp\/v2\/posts\/13621\/revisions"}],"predecessor-version":[{"id":13623,"href":"https:\/\/agora.xtec.cat\/ceip-falba\/wp-json\/wp\/v2\/posts\/13621\/revisions\/13623"}],"wp:featuredmedia":[{"embeddable":true,"href":"https:\/\/agora.xtec.cat\/ceip-falba\/wp-json\/wp\/v2\/media\/13622"}],"wp:attachment":[{"href":"https:\/\/agora.xtec.cat\/ceip-falba\/wp-json\/wp\/v2\/media?parent=13621"}],"wp:term":[{"taxonomy":"category","embeddable":true,"href":"https:\/\/agora.xtec.cat\/ceip-falba\/wp-json\/wp\/v2\/categories?post=13621"},{"taxonomy":"post_tag","embeddable":true,"href":"https:\/\/agora.xtec.cat\/ceip-falba\/wp-json\/wp\/v2\/tags?post=13621"}],"curies":[{"name":"wp","href":"https:\/\/api.w.org\/{rel}","templated":true}]}}