{"id":13617,"date":"2026-04-26T23:30:33","date_gmt":"2026-04-26T21:30:33","guid":{"rendered":"https:\/\/agora.xtec.cat\/ceip-falba\/?p=13617"},"modified":"2026-04-26T23:33:59","modified_gmt":"2026-04-26T21:33:59","slug":"benvinguts-i-benvingudes-al-museu-dels-animals-de-1r","status":"publish","type":"post","link":"https:\/\/agora.xtec.cat\/ceip-falba\/general\/benvinguts-i-benvingudes-al-museu-dels-animals-de-1r\/","title":{"rendered":"Benvinguts i benvingudes al museu dels animals de 1r!"},"content":{"rendered":"<p data-path-to-node=\"3\">Aquesta setmana, l&#8217;aula de 1r s&#8217;han transformat en un aut\u00e8ntic <b data-path-to-node=\"3\" data-index-in-node=\"66\">Museu de Petits Exploradors i Exploradores<\/b>. Despr\u00e9s de molts dies investigant i aprenent sobre el m\u00f3n animal, ha arribat el moment m\u00e9s esperat: obrir les portes a les nostres fam\u00edlies per compartir tot el que hem apr\u00e9s.<\/p>\n<p data-path-to-node=\"4\">Va ser una jornada plena d&#8217;emocions, on els infants van guiar els adults a trav\u00e9s de les activitats\u00a0 que posaven a la pr\u00e0ctica tot el que havien treballat. Veure com les fam\u00edlies participaven de les propostes i es deixaven ensenyar pels m\u00e9s petits i petites va ser, sens dubte, el millor tancament per a aquest context d&#8217;aprenentatge.<\/p>\n<p data-path-to-node=\"5\">A continuaci\u00f3, us deixem un recull de les imatges que resumeixen aquests moments viscuts. <b data-path-to-node=\"5\" data-index-in-node=\"120\">Gr\u00e0cies a totes les fam\u00edlies per acompanyar-nos en aquesta aventura!<\/b><\/p>\n<p data-path-to-node=\"5\"><a href=\"https:\/\/drive.google.com\/drive\/folders\/1Dsg0p_WBvF_1a2VSDp2LHRKm9qqgRSQ6?usp=sharing\">\ud83d\udcf8 Galeria d&#8217;imatges<\/a><\/p>\n","protected":false},"excerpt":{"rendered":"<p>Aquesta setmana, l&#8217;aula de 1r s&#8217;han transformat en un aut\u00e8ntic Museu de Petits Exploradors i Exploradores. Despr\u00e9s de molts dies investigant i aprenent sobre el m\u00f3n animal, ha arribat el moment m\u00e9s esperat: obrir les portes a les nostres fam\u00edlies per compartir tot el que&hellip;  <a href=\"https:\/\/agora.xtec.cat\/ceip-falba\/general\/benvinguts-i-benvingudes-al-museu-dels-animals-de-1r\/\" title=\"Read Benvinguts i benvingudes al museu dels animals de 1r!\">Llegeix m\u00e9s\u00bb<\/a><\/p>\n","protected":false},"author":8,"featured_media":13620,"comment_status":"closed","ping_status":"open","sticky":false,"template":"","format":"standard","meta":{"_bbp_topic_count":0,"_bbp_reply_count":0,"_bbp_total_topic_count":0,"_bbp_total_reply_count":0,"_bbp_voice_count":0,"_bbp_anonymous_reply_count":0,"_bbp_topic_count_hidden":0,"_bbp_reply_count_hidden":0,"_bbp_forum_subforum_count":0,"footnotes":""},"categories":[10,442,453,572,1,4,5],"tags":[],"class_list":["post-13617","post","type-post","status-publish","format-standard","has-post-thumbnail","hentry","category-1r","category-comunitat-mitjana","category-contextos-daprenentatge","category-curs-2025-26","category-general","category-portada","category-primaria"],"post_mailing_queue_ids":[],"_links":{"self":[{"href":"https:\/\/agora.xtec.cat\/ceip-falba\/wp-json\/wp\/v2\/posts\/13617","targetHints":{"allow":["GET"]}}],"collection":[{"href":"https:\/\/agora.xtec.cat\/ceip-falba\/wp-json\/wp\/v2\/posts"}],"about":[{"href":"https:\/\/agora.xtec.cat\/ceip-falba\/wp-json\/wp\/v2\/types\/post"}],"author":[{"embeddable":true,"href":"https:\/\/agora.xtec.cat\/ceip-falba\/wp-json\/wp\/v2\/users\/8"}],"replies":[{"embeddable":true,"href":"https:\/\/agora.xtec.cat\/ceip-falba\/wp-json\/wp\/v2\/comments?post=13617"}],"version-history":[{"count":1,"href":"https:\/\/agora.xtec.cat\/ceip-falba\/wp-json\/wp\/v2\/posts\/13617\/revisions"}],"predecessor-version":[{"id":13619,"href":"https:\/\/agora.xtec.cat\/ceip-falba\/wp-json\/wp\/v2\/posts\/13617\/revisions\/13619"}],"wp:featuredmedia":[{"embeddable":true,"href":"https:\/\/agora.xtec.cat\/ceip-falba\/wp-json\/wp\/v2\/media\/13620"}],"wp:attachment":[{"href":"https:\/\/agora.xtec.cat\/ceip-falba\/wp-json\/wp\/v2\/media?parent=13617"}],"wp:term":[{"taxonomy":"category","embeddable":true,"href":"https:\/\/agora.xtec.cat\/ceip-falba\/wp-json\/wp\/v2\/categories?post=13617"},{"taxonomy":"post_tag","embeddable":true,"href":"https:\/\/agora.xtec.cat\/ceip-falba\/wp-json\/wp\/v2\/tags?post=13617"}],"curies":[{"name":"wp","href":"https:\/\/api.w.org\/{rel}","templated":true}]}}