{"id":13607,"date":"2026-04-28T11:56:11","date_gmt":"2026-04-28T09:56:11","guid":{"rendered":"https:\/\/agora.xtec.cat\/ceip-falba\/?p=13607"},"modified":"2026-04-28T11:57:16","modified_gmt":"2026-04-28T09:57:16","slug":"cantar-junts-per-creixer-lexperiencia-del-cant-coral","status":"publish","type":"post","link":"https:\/\/agora.xtec.cat\/ceip-falba\/portada\/cantar-junts-per-creixer-lexperiencia-del-cant-coral\/","title":{"rendered":"Cantar junts per cr\u00e9ixer: l\u2019experi\u00e8ncia del cant coral"},"content":{"rendered":"<p data-start=\"0\" data-end=\"54\">Ja hem enregistrat l\u2019episodi 4 del videopodcast L&#8217;\u00faltim rellotge.<\/p>\n<p data-start=\"56\" data-end=\"377\">L\u2019alumnat de 5\u00e8 continua avan\u00e7ant amb il\u00b7lusi\u00f3 en el projecte de la Cant\u00e0nia. La setmana passada vam explicar el proc\u00e9s de l&#8217;aprenentatge de la Cantania, les experi\u00e8ncies i tot all\u00f2 que estem aprenent concretament quan una veu no canta sola.<\/p>\n<p data-start=\"379\" data-end=\"775\">La Cant\u00e0nia \u00e9s molt m\u00e9s que preparar un concert: \u00e9s un projecte que treballem durant tot el curs i que ens permet cr\u00e9ixer tant a nivell art\u00edstic com personal. A trav\u00e9s d\u2019aquest projecte, els alumnes practiquen el cant coral i moltes habilitats i aptituds, com tamb\u00e9 valors que ens formen com a persones.<\/p>\n<p data-start=\"1047\" data-end=\"1149\" data-is-last-node=\"\" data-is-only-node=\"\">Us convidem a seguir el nostre videopodcast per seguir descobrint com evoluciona aquest projecte! Us deixem l&#8217;enlla\u00e7 del v\u00eddeo:<\/p>\n<p data-start=\"1047\" data-end=\"1149\" data-is-last-node=\"\" data-is-only-node=\"\"><iframe loading=\"lazy\" src=\"\/\/www.youtube.com\/embed\/3_nhPpBVq8s\" width=\"560\" height=\"314\" allowfullscreen=\"allowfullscreen\"><\/iframe><\/p>\n<p data-start=\"1047\" data-end=\"1149\" data-is-last-node=\"\" data-is-only-node=\"\">\n","protected":false},"excerpt":{"rendered":"<p>A trav\u00e9s del projecte Cantania, els alumnes practiquen el cant coral i moltes habilitats i aptituds, com tamb\u00e9 valors que ens formen com a persones.&hellip;  <a href=\"https:\/\/agora.xtec.cat\/ceip-falba\/portada\/cantar-junts-per-creixer-lexperiencia-del-cant-coral\/\" title=\"Read Cantar junts per cr\u00e9ixer: l\u2019experi\u00e8ncia del cant coral\">Llegeix m\u00e9s\u00bb<\/a><\/p>\n","protected":false},"author":92,"featured_media":13608,"comment_status":"closed","ping_status":"open","sticky":false,"template":"","format":"standard","meta":{"_bbp_topic_count":0,"_bbp_reply_count":0,"_bbp_total_topic_count":0,"_bbp_total_reply_count":0,"_bbp_voice_count":0,"_bbp_anonymous_reply_count":0,"_bbp_topic_count_hidden":0,"_bbp_reply_count_hidden":0,"_bbp_forum_subforum_count":0,"footnotes":""},"categories":[14,464,572,34,507,4],"tags":[19,588,44,587],"class_list":["post-13607","post","type-post","status-publish","format-standard","has-post-thumbnail","hentry","category-5e","category-cantania","category-curs-2025-26","category-musica","category-musica-2","category-portada","tag-audiovisuals","tag-cant-coral","tag-cantania","tag-lutlim-rellotge"],"post_mailing_queue_ids":[],"_links":{"self":[{"href":"https:\/\/agora.xtec.cat\/ceip-falba\/wp-json\/wp\/v2\/posts\/13607","targetHints":{"allow":["GET"]}}],"collection":[{"href":"https:\/\/agora.xtec.cat\/ceip-falba\/wp-json\/wp\/v2\/posts"}],"about":[{"href":"https:\/\/agora.xtec.cat\/ceip-falba\/wp-json\/wp\/v2\/types\/post"}],"author":[{"embeddable":true,"href":"https:\/\/agora.xtec.cat\/ceip-falba\/wp-json\/wp\/v2\/users\/92"}],"replies":[{"embeddable":true,"href":"https:\/\/agora.xtec.cat\/ceip-falba\/wp-json\/wp\/v2\/comments?post=13607"}],"version-history":[{"count":4,"href":"https:\/\/agora.xtec.cat\/ceip-falba\/wp-json\/wp\/v2\/posts\/13607\/revisions"}],"predecessor-version":[{"id":13625,"href":"https:\/\/agora.xtec.cat\/ceip-falba\/wp-json\/wp\/v2\/posts\/13607\/revisions\/13625"}],"wp:featuredmedia":[{"embeddable":true,"href":"https:\/\/agora.xtec.cat\/ceip-falba\/wp-json\/wp\/v2\/media\/13608"}],"wp:attachment":[{"href":"https:\/\/agora.xtec.cat\/ceip-falba\/wp-json\/wp\/v2\/media?parent=13607"}],"wp:term":[{"taxonomy":"category","embeddable":true,"href":"https:\/\/agora.xtec.cat\/ceip-falba\/wp-json\/wp\/v2\/categories?post=13607"},{"taxonomy":"post_tag","embeddable":true,"href":"https:\/\/agora.xtec.cat\/ceip-falba\/wp-json\/wp\/v2\/tags?post=13607"}],"curies":[{"name":"wp","href":"https:\/\/api.w.org\/{rel}","templated":true}]}}