{"id":13597,"date":"2026-04-17T18:54:52","date_gmt":"2026-04-17T16:54:52","guid":{"rendered":"https:\/\/agora.xtec.cat\/ceip-falba\/?p=13597"},"modified":"2026-04-17T18:54:52","modified_gmt":"2026-04-17T16:54:52","slug":"la-comunitat-mitjana-visita-cosmocaixa","status":"publish","type":"post","link":"https:\/\/agora.xtec.cat\/ceip-falba\/portada\/la-comunitat-mitjana-visita-cosmocaixa\/","title":{"rendered":"La comunitat mitjana visita Cosmocaixa"},"content":{"rendered":"<p>L&#8217;alumnat de la comunitat mitjana (1r, 2n i 3r) hem viscut una jornada ben especial! Aquest dijous ens hem despla\u00e7at fins a Barcelona per visitar el <strong>CosmoCaixa<\/strong>, el museu de la ci\u00e8ncia.<\/p>\n<p>M\u00e9s enll\u00e0 de rec\u00f3rrer les exposicions i perdre&#8217;ns entre les meravelles del Bosc Inundat i les sales interactives, hem tingut l&#8217;oportunitat de participar en el taller <strong>&#8220;Menjar per a no ser menjat&#8221;<\/strong>. Ha estat una activitat fant\u00e0stica on hem descobert, de primera m\u00e0, les estrat\u00e8gies de superviv\u00e8ncia que utilitzen els animals a la natura: des del camuflatge fins a t\u00e8cniques de defensa. Hem apr\u00e8s molt\u00edssim sobre la cadena aliment\u00e0ria i l&#8217;adaptaci\u00f3 al medi d&#8217;una manera molt din\u00e0mica i divertida.<\/p>\n<p>Ha estat una sortida plena d&#8217;aprenentatge, conviv\u00e8ncia i curiositat, en qu\u00e8 hem pogut viure la ci\u00e8ncia en directe.<\/p>\n<p>Us convidem a fer una ullada a la galeria de fotos que hem preparat, on podreu veure tots els bons moments que hem compartit al llarg del dia. Esperem que gaudiu tant com nosaltres!<\/p>\n<p><a href=\"https:\/\/drive.google.com\/drive\/folders\/1Q_1nl7aDejOr70LgHkx9fr2FcsdN6MxG?usp=sharing\">Galeria d&#8217;imatges CM<\/a><\/p>\n","protected":false},"excerpt":{"rendered":"<p>L&#8217;alumnat de la comunitat mitjana (1r, 2n i 3r) hem viscut una jornada ben especial! Aquest dijous ens hem despla\u00e7at fins a Barcelona per visitar el CosmoCaixa, el museu de la ci\u00e8ncia.<br \/>\nM\u00e9s enll\u00e0 de rec\u00f3rrer les exposicions i perdre&#8217;ns entre les meravelles del Bosc Inundat&hellip;  <a href=\"https:\/\/agora.xtec.cat\/ceip-falba\/portada\/la-comunitat-mitjana-visita-cosmocaixa\/\" title=\"Read La comunitat mitjana visita Cosmocaixa\">Llegeix m\u00e9s\u00bb<\/a><\/p>\n","protected":false},"author":8,"featured_media":13599,"comment_status":"closed","ping_status":"open","sticky":false,"template":"","format":"standard","meta":{"_bbp_topic_count":0,"_bbp_reply_count":0,"_bbp_total_topic_count":0,"_bbp_total_reply_count":0,"_bbp_voice_count":0,"_bbp_anonymous_reply_count":0,"_bbp_topic_count_hidden":0,"_bbp_reply_count_hidden":0,"_bbp_forum_subforum_count":0,"footnotes":""},"categories":[10,11,12,442,453,572,4,5,427],"tags":[],"class_list":["post-13597","post","type-post","status-publish","format-standard","has-post-thumbnail","hentry","category-1r","category-2n","category-3r","category-comunitat-mitjana","category-contextos-daprenentatge","category-curs-2025-26","category-portada","category-primaria","category-sortida"],"post_mailing_queue_ids":[],"_links":{"self":[{"href":"https:\/\/agora.xtec.cat\/ceip-falba\/wp-json\/wp\/v2\/posts\/13597","targetHints":{"allow":["GET"]}}],"collection":[{"href":"https:\/\/agora.xtec.cat\/ceip-falba\/wp-json\/wp\/v2\/posts"}],"about":[{"href":"https:\/\/agora.xtec.cat\/ceip-falba\/wp-json\/wp\/v2\/types\/post"}],"author":[{"embeddable":true,"href":"https:\/\/agora.xtec.cat\/ceip-falba\/wp-json\/wp\/v2\/users\/8"}],"replies":[{"embeddable":true,"href":"https:\/\/agora.xtec.cat\/ceip-falba\/wp-json\/wp\/v2\/comments?post=13597"}],"version-history":[{"count":1,"href":"https:\/\/agora.xtec.cat\/ceip-falba\/wp-json\/wp\/v2\/posts\/13597\/revisions"}],"predecessor-version":[{"id":13600,"href":"https:\/\/agora.xtec.cat\/ceip-falba\/wp-json\/wp\/v2\/posts\/13597\/revisions\/13600"}],"wp:featuredmedia":[{"embeddable":true,"href":"https:\/\/agora.xtec.cat\/ceip-falba\/wp-json\/wp\/v2\/media\/13599"}],"wp:attachment":[{"href":"https:\/\/agora.xtec.cat\/ceip-falba\/wp-json\/wp\/v2\/media?parent=13597"}],"wp:term":[{"taxonomy":"category","embeddable":true,"href":"https:\/\/agora.xtec.cat\/ceip-falba\/wp-json\/wp\/v2\/categories?post=13597"},{"taxonomy":"post_tag","embeddable":true,"href":"https:\/\/agora.xtec.cat\/ceip-falba\/wp-json\/wp\/v2\/tags?post=13597"}],"curies":[{"name":"wp","href":"https:\/\/api.w.org\/{rel}","templated":true}]}}