{"id":13590,"date":"2026-04-15T10:31:16","date_gmt":"2026-04-15T08:31:16","guid":{"rendered":"https:\/\/agora.xtec.cat\/ceip-falba\/?p=13590"},"modified":"2026-04-15T10:31:16","modified_gmt":"2026-04-15T08:31:16","slug":"festival-de-la-primavera-2026","status":"publish","type":"post","link":"https:\/\/agora.xtec.cat\/ceip-falba\/general\/festival-de-la-primavera-2026\/","title":{"rendered":"FESTIVAL DE LA PRIMAVERA 2026"},"content":{"rendered":"<p>El Festival de Primavera 2026 ha estat un \u00e8xit! Hem gaudit d\u2019un mat\u00ed ple de m\u00fasica, dansa i tradici\u00f3, on l\u2019alumnat ha demostrat tot el seu talent i entusiasme ballant danses de la cultura popular catalana.<br \/>\nSi no vau poder assistir o voleu reviure aquesta celebraci\u00f3, ja podeu veure les fotos<span style=\"font-family: inherit; font-size: 1em;\"> i el v\u00eddeo\u00a0 complet aqu\u00ed.(excepte 1r per problemes t\u00e8cnics als que s&#8217;est\u00e0 cercant soluci\u00f3) <a href=\"https:\/\/drive.google.com\/drive\/folders\/13XHVw8v21LOdmHyZS9oE8U9XiiL3hf36?usp=sharing\">ENLLA\u00c7 AL V\u00cdDEO<\/a><\/span><\/p>\n<p>Gr\u00e0cies a tothom per fer possible aquest festival!<\/p>\n","protected":false},"excerpt":{"rendered":"<p>El Festival de Primavera 2026 ha estat un \u00e8xit! Hem gaudit d\u2019un mat\u00ed ple de m\u00fasica, dansa i tradici\u00f3, on l\u2019alumnat ha demostrat tot el seu talent i entusiasme ballant danses de la cultura popular catalana.<br \/>\nSi no vau poder assistir o voleu reviure aquesta celebraci\u00f3,&hellip;  <a href=\"https:\/\/agora.xtec.cat\/ceip-falba\/general\/festival-de-la-primavera-2026\/\" title=\"Read FESTIVAL DE LA PRIMAVERA 2026\">Llegeix m\u00e9s\u00bb<\/a><\/p>\n","protected":false},"author":20,"featured_media":13591,"comment_status":"closed","ping_status":"open","sticky":false,"template":"","format":"standard","meta":{"_bbp_topic_count":0,"_bbp_reply_count":0,"_bbp_total_topic_count":0,"_bbp_total_reply_count":0,"_bbp_voice_count":0,"_bbp_anonymous_reply_count":0,"_bbp_topic_count_hidden":0,"_bbp_reply_count_hidden":0,"_bbp_forum_subforum_count":0,"footnotes":""},"categories":[445,442,340,572,476,35,1,4,5],"tags":[],"class_list":["post-13590","post","type-post","status-publish","format-standard","has-post-thumbnail","hentry","category-comunitat-gran","category-comunitat-mitjana","category-comunitat-de-petits","category-curs-2025-26","category-educacio-fisica","category-festes","category-general","category-portada","category-primaria"],"post_mailing_queue_ids":[],"_links":{"self":[{"href":"https:\/\/agora.xtec.cat\/ceip-falba\/wp-json\/wp\/v2\/posts\/13590","targetHints":{"allow":["GET"]}}],"collection":[{"href":"https:\/\/agora.xtec.cat\/ceip-falba\/wp-json\/wp\/v2\/posts"}],"about":[{"href":"https:\/\/agora.xtec.cat\/ceip-falba\/wp-json\/wp\/v2\/types\/post"}],"author":[{"embeddable":true,"href":"https:\/\/agora.xtec.cat\/ceip-falba\/wp-json\/wp\/v2\/users\/20"}],"replies":[{"embeddable":true,"href":"https:\/\/agora.xtec.cat\/ceip-falba\/wp-json\/wp\/v2\/comments?post=13590"}],"version-history":[{"count":1,"href":"https:\/\/agora.xtec.cat\/ceip-falba\/wp-json\/wp\/v2\/posts\/13590\/revisions"}],"predecessor-version":[{"id":13592,"href":"https:\/\/agora.xtec.cat\/ceip-falba\/wp-json\/wp\/v2\/posts\/13590\/revisions\/13592"}],"wp:featuredmedia":[{"embeddable":true,"href":"https:\/\/agora.xtec.cat\/ceip-falba\/wp-json\/wp\/v2\/media\/13591"}],"wp:attachment":[{"href":"https:\/\/agora.xtec.cat\/ceip-falba\/wp-json\/wp\/v2\/media?parent=13590"}],"wp:term":[{"taxonomy":"category","embeddable":true,"href":"https:\/\/agora.xtec.cat\/ceip-falba\/wp-json\/wp\/v2\/categories?post=13590"},{"taxonomy":"post_tag","embeddable":true,"href":"https:\/\/agora.xtec.cat\/ceip-falba\/wp-json\/wp\/v2\/tags?post=13590"}],"curies":[{"name":"wp","href":"https:\/\/api.w.org\/{rel}","templated":true}]}}