{"id":13586,"date":"2026-04-14T13:13:45","date_gmt":"2026-04-14T11:13:45","guid":{"rendered":"https:\/\/agora.xtec.cat\/ceip-falba\/?p=13586"},"modified":"2026-04-14T13:14:27","modified_gmt":"2026-04-14T11:14:27","slug":"font-tv-programa-2-curs-25-26","status":"publish","type":"post","link":"https:\/\/agora.xtec.cat\/ceip-falba\/general\/font-tv-programa-2-curs-25-26\/","title":{"rendered":"FONT TV PROGRAMA 2 (Curs 25-26)"},"content":{"rendered":"<p>Amb molta il\u00b7lusi\u00f3 i esfor\u00e7 la comunitat gran de l&#8217;escola ja t\u00e9 preparat el programa 2 d&#8217;aquest curs 25-26. Un nou cap\u00edtol on comparteixen idees, experi\u00e8ncies i tot all\u00f2 que han preparat amb molta dedicaci\u00f3.<\/p>\n<p>Doneu-li al play i acompanyeu-nos en aquest nou cap\u00edtol de Font Tv.<\/p>\n<p>Esperem que us agradi!<\/p>\n<p><iframe loading=\"lazy\" src=\"\/\/www.youtube.com\/embed\/Pp3vQgjiGIs?si=QVH-jLLG26qZCOEs\" width=\"560\" height=\"314\" allowfullscreen=\"allowfullscreen\"><\/iframe><\/p>\n","protected":false},"excerpt":{"rendered":"<p>Amb molta il\u00b7lusi\u00f3 i esfor\u00e7 la comunitat gran de l&#8217;escola ja t\u00e9 preparat el programa 2 d&#8217;aquest curs 25-26.&hellip;  <a href=\"https:\/\/agora.xtec.cat\/ceip-falba\/general\/font-tv-programa-2-curs-25-26\/\" title=\"Read FONT TV PROGRAMA 2 (Curs 25-26)\">Llegeix m\u00e9s\u00bb<\/a><\/p>\n","protected":false},"author":72,"featured_media":13587,"comment_status":"closed","ping_status":"open","sticky":false,"template":"","format":"standard","meta":{"_bbp_topic_count":0,"_bbp_reply_count":0,"_bbp_total_topic_count":0,"_bbp_total_reply_count":0,"_bbp_voice_count":0,"_bbp_anonymous_reply_count":0,"_bbp_topic_count_hidden":0,"_bbp_reply_count_hidden":0,"_bbp_forum_subforum_count":0,"footnotes":""},"categories":[15,445,572,26,1,4,5,25],"tags":[341,257,222,420,500,282,584,586,585],"class_list":["post-13586","post","type-post","status-publish","format-standard","has-post-thumbnail","hentry","category-6e","category-comunitat-gran","category-curs-2025-26","category-fonttv","category-general","category-portada","category-primaria","category-projectesescola","tag-4t","tag-5e","tag-6e","tag-audiovisual","tag-comunitat-gran","tag-font-tv","tag-font-tv-25-26","tag-pac","tag-parc-audiovisual-de-catalunya"],"post_mailing_queue_ids":[],"_links":{"self":[{"href":"https:\/\/agora.xtec.cat\/ceip-falba\/wp-json\/wp\/v2\/posts\/13586","targetHints":{"allow":["GET"]}}],"collection":[{"href":"https:\/\/agora.xtec.cat\/ceip-falba\/wp-json\/wp\/v2\/posts"}],"about":[{"href":"https:\/\/agora.xtec.cat\/ceip-falba\/wp-json\/wp\/v2\/types\/post"}],"author":[{"embeddable":true,"href":"https:\/\/agora.xtec.cat\/ceip-falba\/wp-json\/wp\/v2\/users\/72"}],"replies":[{"embeddable":true,"href":"https:\/\/agora.xtec.cat\/ceip-falba\/wp-json\/wp\/v2\/comments?post=13586"}],"version-history":[{"count":2,"href":"https:\/\/agora.xtec.cat\/ceip-falba\/wp-json\/wp\/v2\/posts\/13586\/revisions"}],"predecessor-version":[{"id":13589,"href":"https:\/\/agora.xtec.cat\/ceip-falba\/wp-json\/wp\/v2\/posts\/13586\/revisions\/13589"}],"wp:featuredmedia":[{"embeddable":true,"href":"https:\/\/agora.xtec.cat\/ceip-falba\/wp-json\/wp\/v2\/media\/13587"}],"wp:attachment":[{"href":"https:\/\/agora.xtec.cat\/ceip-falba\/wp-json\/wp\/v2\/media?parent=13586"}],"wp:term":[{"taxonomy":"category","embeddable":true,"href":"https:\/\/agora.xtec.cat\/ceip-falba\/wp-json\/wp\/v2\/categories?post=13586"},{"taxonomy":"post_tag","embeddable":true,"href":"https:\/\/agora.xtec.cat\/ceip-falba\/wp-json\/wp\/v2\/tags?post=13586"}],"curies":[{"name":"wp","href":"https:\/\/api.w.org\/{rel}","templated":true}]}}