{"id":13581,"date":"2026-04-14T12:13:11","date_gmt":"2026-04-14T10:13:11","guid":{"rendered":"https:\/\/agora.xtec.cat\/ceip-falba\/?p=13581"},"modified":"2026-04-14T12:13:11","modified_gmt":"2026-04-14T10:13:11","slug":"a-4t-reciclem-paper","status":"publish","type":"post","link":"https:\/\/agora.xtec.cat\/ceip-falba\/general\/a-4t-reciclem-paper\/","title":{"rendered":"A 4t RECICLEM PAPER!"},"content":{"rendered":"<p>A la classe de 4t, durant la setmana de la sostenibilitat, m\u00e9s coneguda com la setmana verda, vam veure com es feia el paper i vam descobrir que la mat\u00e8ria prima venia dels troncs dels arbres per\u00f2 tamb\u00e9 que hi ha maneres d&#8217;aprofitar fulles seques i papers ja utilitzats per fer-ne de nous. Els nens i nenes van tenir una idea molt bona, poder fer paper reciclat amb els trossos de paper de les papereres de paper i cartr\u00f3 de la comunitat gran.<\/p>\n<p><a href=\"https:\/\/agora.xtec.cat\/ceip-falba\/wp-content\/uploads\/usu658\/2026\/04\/IMG_20260414_113844-scaled.jpg\"><img loading=\"lazy\" decoding=\"async\" class=\"alignnone size-full wp-image-13583\" src=\"https:\/\/agora.xtec.cat\/ceip-falba\/wp-content\/uploads\/usu658\/2026\/04\/IMG_20260414_113844-scaled.jpg\" alt=\"\" width=\"1941\" height=\"2560\" srcset=\"https:\/\/agora.xtec.cat\/ceip-falba\/wp-content\/uploads\/usu658\/2026\/04\/IMG_20260414_113844-scaled.jpg 1941w, https:\/\/agora.xtec.cat\/ceip-falba\/wp-content\/uploads\/usu658\/2026\/04\/IMG_20260414_113844-227x300.jpg 227w, https:\/\/agora.xtec.cat\/ceip-falba\/wp-content\/uploads\/usu658\/2026\/04\/IMG_20260414_113844-777x1024.jpg 777w, https:\/\/agora.xtec.cat\/ceip-falba\/wp-content\/uploads\/usu658\/2026\/04\/IMG_20260414_113844-768x1013.jpg 768w, https:\/\/agora.xtec.cat\/ceip-falba\/wp-content\/uploads\/usu658\/2026\/04\/IMG_20260414_113844-1165x1536.jpg 1165w, https:\/\/agora.xtec.cat\/ceip-falba\/wp-content\/uploads\/usu658\/2026\/04\/IMG_20260414_113844-1553x2048.jpg 1553w\" sizes=\"auto, (max-width: 1941px) 100vw, 1941px\" \/><\/a><\/p>\n<p>Instruccions a seguir:<\/p>\n<ol>\n<li>Recollir paper ja utilitzat.<\/li>\n<li>Fer a trossets el paper, estripant.<\/li>\n<li>Posar tots els trossets en un recipient amb aigua i deixar-ho reposar 24 hores.<\/li>\n<li>Agafar un grapat del recipient i aixafar-lo amb un morter. Picar i remenar fins que quedi una pasta.<\/li>\n<li>Donar-li forma, aixafant i treien l&#8217;aigua sobrant.<\/li>\n<li>Posar el tros sobre una reixa i deixar-ho assecar.<\/li>\n<li>Decorar-ho al teu gust o fer una manualitat amb molt de compte que no es trenqui, pot ser amb pintura. Exemple:<\/li>\n<\/ol>\n<p><a href=\"https:\/\/agora.xtec.cat\/ceip-falba\/wp-content\/uploads\/usu658\/2026\/04\/IMG_20260414_113933-scaled.jpg\"><img loading=\"lazy\" decoding=\"async\" class=\"alignnone size-full wp-image-13584\" src=\"https:\/\/agora.xtec.cat\/ceip-falba\/wp-content\/uploads\/usu658\/2026\/04\/IMG_20260414_113933-scaled.jpg\" alt=\"\" width=\"1941\" height=\"2560\" srcset=\"https:\/\/agora.xtec.cat\/ceip-falba\/wp-content\/uploads\/usu658\/2026\/04\/IMG_20260414_113933-scaled.jpg 1941w, https:\/\/agora.xtec.cat\/ceip-falba\/wp-content\/uploads\/usu658\/2026\/04\/IMG_20260414_113933-227x300.jpg 227w, https:\/\/agora.xtec.cat\/ceip-falba\/wp-content\/uploads\/usu658\/2026\/04\/IMG_20260414_113933-777x1024.jpg 777w, https:\/\/agora.xtec.cat\/ceip-falba\/wp-content\/uploads\/usu658\/2026\/04\/IMG_20260414_113933-768x1013.jpg 768w, https:\/\/agora.xtec.cat\/ceip-falba\/wp-content\/uploads\/usu658\/2026\/04\/IMG_20260414_113933-1165x1536.jpg 1165w, https:\/\/agora.xtec.cat\/ceip-falba\/wp-content\/uploads\/usu658\/2026\/04\/IMG_20260414_113933-1553x2048.jpg 1553w\" sizes=\"auto, (max-width: 1941px) 100vw, 1941px\" \/><\/a><\/p>\n<p>&nbsp;<\/p>\n","protected":false},"excerpt":{"rendered":"<p>A la classe de 4t, durant la setmana de la sostenibilitat, m\u00e9s coneguda com la setmana verda, vam veure com es feia el paper i vam descobrir que la mat\u00e8ria prima venia dels troncs dels arbres per\u00f2 tamb\u00e9 que hi ha maneres d&#8217;aprofitar fulles seques&hellip;  <a href=\"https:\/\/agora.xtec.cat\/ceip-falba\/general\/a-4t-reciclem-paper\/\" title=\"Read A 4t RECICLEM PAPER!\">Llegeix m\u00e9s\u00bb<\/a><\/p>\n","protected":false},"author":48,"featured_media":0,"comment_status":"closed","ping_status":"open","sticky":false,"template":"","format":"standard","meta":{"_bbp_topic_count":0,"_bbp_reply_count":0,"_bbp_total_topic_count":0,"_bbp_total_reply_count":0,"_bbp_voice_count":0,"_bbp_anonymous_reply_count":0,"_bbp_topic_count_hidden":0,"_bbp_reply_count_hidden":0,"_bbp_forum_subforum_count":0,"footnotes":""},"categories":[211,527,445,572,1,4,272],"tags":[259,341,583],"class_list":["post-13581","post","type-post","status-publish","format-standard","hentry","category-4t","category-art","category-comunitat-gran","category-curs-2025-26","category-general","category-portada","category-sostenibilitat-planeta","tag-comunitatdegrans","tag-4t","tag-setmana-de-la-sostenibilitat"],"post_mailing_queue_ids":[],"_links":{"self":[{"href":"https:\/\/agora.xtec.cat\/ceip-falba\/wp-json\/wp\/v2\/posts\/13581","targetHints":{"allow":["GET"]}}],"collection":[{"href":"https:\/\/agora.xtec.cat\/ceip-falba\/wp-json\/wp\/v2\/posts"}],"about":[{"href":"https:\/\/agora.xtec.cat\/ceip-falba\/wp-json\/wp\/v2\/types\/post"}],"author":[{"embeddable":true,"href":"https:\/\/agora.xtec.cat\/ceip-falba\/wp-json\/wp\/v2\/users\/48"}],"replies":[{"embeddable":true,"href":"https:\/\/agora.xtec.cat\/ceip-falba\/wp-json\/wp\/v2\/comments?post=13581"}],"version-history":[{"count":1,"href":"https:\/\/agora.xtec.cat\/ceip-falba\/wp-json\/wp\/v2\/posts\/13581\/revisions"}],"predecessor-version":[{"id":13585,"href":"https:\/\/agora.xtec.cat\/ceip-falba\/wp-json\/wp\/v2\/posts\/13581\/revisions\/13585"}],"wp:attachment":[{"href":"https:\/\/agora.xtec.cat\/ceip-falba\/wp-json\/wp\/v2\/media?parent=13581"}],"wp:term":[{"taxonomy":"category","embeddable":true,"href":"https:\/\/agora.xtec.cat\/ceip-falba\/wp-json\/wp\/v2\/categories?post=13581"},{"taxonomy":"post_tag","embeddable":true,"href":"https:\/\/agora.xtec.cat\/ceip-falba\/wp-json\/wp\/v2\/tags?post=13581"}],"curies":[{"name":"wp","href":"https:\/\/api.w.org\/{rel}","templated":true}]}}