{"id":13534,"date":"2026-03-13T16:49:56","date_gmt":"2026-03-13T15:49:56","guid":{"rendered":"https:\/\/agora.xtec.cat\/ceip-falba\/?p=13534"},"modified":"2026-03-13T16:49:56","modified_gmt":"2026-03-13T15:49:56","slug":"font-de-noticies-no817","status":"publish","type":"post","link":"https:\/\/agora.xtec.cat\/ceip-falba\/infantil\/font-de-noticies-no817\/","title":{"rendered":"Font de Not\u00edcies n\u00ba817"},"content":{"rendered":"<p><a href=\"https:\/\/drive.google.com\/file\/d\/1WzWl2CNaWdTuC6qZOWEncx4sacJcHlK5\/view?usp=sharing\"><img loading=\"lazy\" decoding=\"async\" class=\"aligncenter wp-image-13535 size-full\" src=\"https:\/\/agora.xtec.cat\/ceip-falba\/wp-content\/uploads\/usu658\/2026\/03\/Captura-de-pantalla-2026-03-13-163115.png\" alt=\"\" width=\"876\" height=\"638\" srcset=\"https:\/\/agora.xtec.cat\/ceip-falba\/wp-content\/uploads\/usu658\/2026\/03\/Captura-de-pantalla-2026-03-13-163115.png 876w, https:\/\/agora.xtec.cat\/ceip-falba\/wp-content\/uploads\/usu658\/2026\/03\/Captura-de-pantalla-2026-03-13-163115-300x218.png 300w, https:\/\/agora.xtec.cat\/ceip-falba\/wp-content\/uploads\/usu658\/2026\/03\/Captura-de-pantalla-2026-03-13-163115-768x559.png 768w\" sizes=\"auto, (max-width: 876px) 100vw, 876px\" \/><\/a><\/p>\n","protected":false},"excerpt":{"rendered":"<p>Fam\u00edlies, arriba el nou Font de Not\u00edcies amb moltes informacions, sobre tot no us perdeu la que fa refer\u00e8ncia a la celebraci\u00f3 de l Festa de Primavera que,enguant, coincideix amb la cloenda d&#8217;una setmana molt especial on treballarem conceptes i valors respecte la sostenibilitat del nostre planeta. &hellip;  <a href=\"https:\/\/agora.xtec.cat\/ceip-falba\/infantil\/font-de-noticies-no817\/\" title=\"Read Font de Not\u00edcies n\u00ba817\">Llegeix m\u00e9s\u00bb<\/a><\/p>\n","protected":false},"author":1,"featured_media":13535,"comment_status":"closed","ping_status":"open","sticky":false,"template":"","format":"standard","meta":{"_bbp_topic_count":0,"_bbp_reply_count":0,"_bbp_total_topic_count":0,"_bbp_total_reply_count":0,"_bbp_voice_count":0,"_bbp_anonymous_reply_count":0,"_bbp_topic_count_hidden":0,"_bbp_reply_count_hidden":0,"_bbp_forum_subforum_count":0,"footnotes":""},"categories":[471,572,35,49,2,4,5,272],"tags":[],"class_list":["post-13534","post","type-post","status-publish","format-standard","has-post-thumbnail","hentry","category-certamen-lectura-en-veu-alta","category-curs-2025-26","category-festes","category-font-de-noticies","category-infantil","category-portada","category-primaria","category-sostenibilitat-planeta"],"post_mailing_queue_ids":[],"_links":{"self":[{"href":"https:\/\/agora.xtec.cat\/ceip-falba\/wp-json\/wp\/v2\/posts\/13534","targetHints":{"allow":["GET"]}}],"collection":[{"href":"https:\/\/agora.xtec.cat\/ceip-falba\/wp-json\/wp\/v2\/posts"}],"about":[{"href":"https:\/\/agora.xtec.cat\/ceip-falba\/wp-json\/wp\/v2\/types\/post"}],"author":[{"embeddable":true,"href":"https:\/\/agora.xtec.cat\/ceip-falba\/wp-json\/wp\/v2\/users\/1"}],"replies":[{"embeddable":true,"href":"https:\/\/agora.xtec.cat\/ceip-falba\/wp-json\/wp\/v2\/comments?post=13534"}],"version-history":[{"count":1,"href":"https:\/\/agora.xtec.cat\/ceip-falba\/wp-json\/wp\/v2\/posts\/13534\/revisions"}],"predecessor-version":[{"id":13536,"href":"https:\/\/agora.xtec.cat\/ceip-falba\/wp-json\/wp\/v2\/posts\/13534\/revisions\/13536"}],"wp:featuredmedia":[{"embeddable":true,"href":"https:\/\/agora.xtec.cat\/ceip-falba\/wp-json\/wp\/v2\/media\/13535"}],"wp:attachment":[{"href":"https:\/\/agora.xtec.cat\/ceip-falba\/wp-json\/wp\/v2\/media?parent=13534"}],"wp:term":[{"taxonomy":"category","embeddable":true,"href":"https:\/\/agora.xtec.cat\/ceip-falba\/wp-json\/wp\/v2\/categories?post=13534"},{"taxonomy":"post_tag","embeddable":true,"href":"https:\/\/agora.xtec.cat\/ceip-falba\/wp-json\/wp\/v2\/tags?post=13534"}],"curies":[{"name":"wp","href":"https:\/\/api.w.org\/{rel}","templated":true}]}}