{"id":13512,"date":"2026-02-20T11:12:40","date_gmt":"2026-02-20T10:12:40","guid":{"rendered":"https:\/\/agora.xtec.cat\/ceip-falba\/?p=13512"},"modified":"2026-02-20T17:39:35","modified_gmt":"2026-02-20T16:39:35","slug":"visita-al-parc-audiovisual-de-catalunya","status":"publish","type":"post","link":"https:\/\/agora.xtec.cat\/ceip-falba\/portada\/visita-al-parc-audiovisual-de-catalunya\/","title":{"rendered":"Sortida al Parc Audiovisual de Catalunya"},"content":{"rendered":"<p>Per dur a terme el reportatge de Font TV, aquesta setmana hem visitat el Parc Audiovisual de Catalunya, un espai clau per entendre com es fan el cinema i les grans produccions audiovisuals.<\/p>\n<p>Durant la visita vam rec\u00f3rrer diferents espais de rodatge i ens van explicar la hist\u00f2ria de l\u2019edifici i la import\u00e0ncia de\u00a0Terrassa\u00a0en el m\u00f3n audiovisual. Tamb\u00e9 vam poder veure exemples reals de produccions que s\u2019hi han rodat, com una mostra del decorat de la pel\u00b7l\u00edcula\u00a0Un monstruo viene a verme\u00a0(2016), fet que ens va impressionar molt!<\/p>\n<p>Ens van parlar tamb\u00e9 de la import\u00e0ncia del treball en equip en aquest \u00e0mbit: en una producci\u00f3 audiovisual cada persona t\u00e9 un paper essencial (c\u00e0mera, so, direcci\u00f3, actors, edici\u00f3, dissenyadors\u2026), i nom\u00e9s quan tots treballen coordinats el projecte pot tirar endavant.<\/p>\n<p>A la nostra escola donem molta import\u00e0ncia a l\u2019audiovisual: estem aprenent a no nom\u00e9s mirar v\u00eddeos, sin\u00f3 a poder entendre\u2019ls i a crear els nostres des del principi fins al final. Tamb\u00e9 vam descobrir com funcionen les produccions virtuals, amb grans pantalles digitals i noves tecnologies com la intel\u00b7lig\u00e8ncia artificial.<\/p>\n<p>Aquesta sortida forma part del projecte audiovisual de centre, el\u00a0Font TV. Els alumnes han pogut gravar imatges del Parc per preparar un reportatge que editaran ells mateixos.<\/p>\n<p>Ha estat una experi\u00e8ncia molt enriquidora que ens inspira per continuar creant, aprenent i treballant en equip i volem agra\u00efr al Jordi Hernandez i el Guillem Beltr\u00e0 per la seva amabilitat i ensenyar-nos de forma tan acurada i propera aquest m\u00f3n que \u00e9s rellevant per la ciutat, ja que Terrassa \u00e9s Ciutat de la UNESCO &#8220;City of Film&#8221; i per la nostra escola.<\/p>\n<p>Aquesta ha estat la primera de dues visites que farem per poder tenir tot a punt per la secci\u00f3 del reportatge, aix\u00ed que estem esperant amb molta il\u00b7lusi\u00f3 la seg\u00fcent!<\/p>\n<p><a href=\"https:\/\/drive.google.com\/drive\/folders\/1BbgVO40kxGZttVnxquebce0GTJbx13vF?usp=sharing\">Aqu\u00ed<\/a> teniu un petit reportatge fotogr\u00e0fic i un parell de v\u00eddeos de la visita.<\/p>\n","protected":false},"excerpt":{"rendered":"<p>Per dur a terme el reportatge de Font TV, aquesta setmana hem visitat el Parc Audiovisual de Catalunya, un espai clau per entendre com es fan el cinema i les grans produccions audiovisuals.&hellip;  <a href=\"https:\/\/agora.xtec.cat\/ceip-falba\/portada\/visita-al-parc-audiovisual-de-catalunya\/\" title=\"Read Sortida al Parc Audiovisual de Catalunya\">Llegeix m\u00e9s\u00bb<\/a><\/p>\n","protected":false},"author":92,"featured_media":13516,"comment_status":"closed","ping_status":"open","sticky":false,"template":"","format":"standard","meta":{"_bbp_topic_count":0,"_bbp_reply_count":0,"_bbp_total_topic_count":0,"_bbp_total_reply_count":0,"_bbp_voice_count":0,"_bbp_anonymous_reply_count":0,"_bbp_topic_count_hidden":0,"_bbp_reply_count_hidden":0,"_bbp_forum_subforum_count":0,"footnotes":""},"categories":[15,445,572,26,4,25,470],"tags":[],"class_list":["post-13512","post","type-post","status-publish","format-standard","has-post-thumbnail","hentry","category-6e","category-comunitat-gran","category-curs-2025-26","category-fonttv","category-portada","category-projectesescola","category-tecnologies"],"post_mailing_queue_ids":[],"_links":{"self":[{"href":"https:\/\/agora.xtec.cat\/ceip-falba\/wp-json\/wp\/v2\/posts\/13512","targetHints":{"allow":["GET"]}}],"collection":[{"href":"https:\/\/agora.xtec.cat\/ceip-falba\/wp-json\/wp\/v2\/posts"}],"about":[{"href":"https:\/\/agora.xtec.cat\/ceip-falba\/wp-json\/wp\/v2\/types\/post"}],"author":[{"embeddable":true,"href":"https:\/\/agora.xtec.cat\/ceip-falba\/wp-json\/wp\/v2\/users\/92"}],"replies":[{"embeddable":true,"href":"https:\/\/agora.xtec.cat\/ceip-falba\/wp-json\/wp\/v2\/comments?post=13512"}],"version-history":[{"count":3,"href":"https:\/\/agora.xtec.cat\/ceip-falba\/wp-json\/wp\/v2\/posts\/13512\/revisions"}],"predecessor-version":[{"id":13519,"href":"https:\/\/agora.xtec.cat\/ceip-falba\/wp-json\/wp\/v2\/posts\/13512\/revisions\/13519"}],"wp:featuredmedia":[{"embeddable":true,"href":"https:\/\/agora.xtec.cat\/ceip-falba\/wp-json\/wp\/v2\/media\/13516"}],"wp:attachment":[{"href":"https:\/\/agora.xtec.cat\/ceip-falba\/wp-json\/wp\/v2\/media?parent=13512"}],"wp:term":[{"taxonomy":"category","embeddable":true,"href":"https:\/\/agora.xtec.cat\/ceip-falba\/wp-json\/wp\/v2\/categories?post=13512"},{"taxonomy":"post_tag","embeddable":true,"href":"https:\/\/agora.xtec.cat\/ceip-falba\/wp-json\/wp\/v2\/tags?post=13512"}],"curies":[{"name":"wp","href":"https:\/\/api.w.org\/{rel}","templated":true}]}}