{"id":13484,"date":"2026-02-08T21:27:06","date_gmt":"2026-02-08T20:27:06","guid":{"rendered":"https:\/\/agora.xtec.cat\/ceip-falba\/?p=13484"},"modified":"2026-02-08T21:27:21","modified_gmt":"2026-02-08T20:27:21","slug":"que-passaria-si-mengessim-cada-dia-llaminadures","status":"publish","type":"post","link":"https:\/\/agora.xtec.cat\/ceip-falba\/portada\/que-passaria-si-mengessim-cada-dia-llaminadures\/","title":{"rendered":"Qu\u00e8 passaria si meng\u00e9ssim cada dia llaminadures?"},"content":{"rendered":"<p data-start=\"249\" data-end=\"606\">A partir d\u2019aquesta pregunta, l\u2019alumnat de 2n ha treballat un context molt proper i motivador per reflexionar sobre la import\u00e0ncia d\u2019una alimentaci\u00f3 saludable. Ens hem preguntat qu\u00e8 passaria si la nostra dieta es bas\u00e9s nom\u00e9s en llaminadures i hem descobert que, tot i que s\u00f3n atractives i gustoses, no ens aporten els nutrients necessaris per cr\u00e9ixer sans i forts.<\/p>\n<p data-start=\"608\" data-end=\"855\">Al llarg d\u2019aquest treball, hem parlat de la import\u00e0ncia de seguir una dieta equilibrada i de mantenir h\u00e0bits saludables en el nostre dia a dia. Tamb\u00e9 hem apr\u00e8s per on passen els aliments dins del nostre cos i com funciona el proc\u00e9s de la digesti\u00f3.<a href=\"https:\/\/agora.xtec.cat\/ceip-falba\/wp-content\/uploads\/usu658\/2026\/02\/20251210_105031-scaled.jpg\"><img decoding=\"async\" src=\"https:\/\/ampaea.ad\/wp-content\/uploads\/2022\/10\/150-img-blocsup-1-1024x721.jpg\" \/><\/a><\/p>\n<p data-start=\"844\" data-end=\"1294\"><a href=\"https:\/\/agora.xtec.cat\/ceip-falba\/wp-content\/uploads\/usu658\/2026\/02\/20251210_105031-scaled.jpg\"><img loading=\"lazy\" decoding=\"async\" class=\"alignnone size-thumbnail wp-image-13485\" src=\"https:\/\/agora.xtec.cat\/ceip-falba\/wp-content\/uploads\/usu658\/2026\/02\/20251210_105031-150x150.jpg\" alt=\"\" width=\"150\" height=\"150\" \/><\/a><a href=\"https:\/\/agora.xtec.cat\/ceip-falba\/wp-content\/uploads\/usu658\/2026\/02\/20260206_160123-scaled.jpg\"><img loading=\"lazy\" decoding=\"async\" class=\"alignnone size-thumbnail wp-image-13486\" src=\"https:\/\/agora.xtec.cat\/ceip-falba\/wp-content\/uploads\/usu658\/2026\/02\/20260206_160123-150x150.jpg\" alt=\"\" width=\"150\" height=\"150\" \/><\/a><a href=\"https:\/\/agora.xtec.cat\/ceip-falba\/wp-content\/uploads\/usu658\/2026\/02\/20260121_103934-scaled.jpg\"><img loading=\"lazy\" decoding=\"async\" class=\"alignnone size-thumbnail wp-image-13487\" src=\"https:\/\/agora.xtec.cat\/ceip-falba\/wp-content\/uploads\/usu658\/2026\/02\/20260121_103934-150x150.jpg\" alt=\"\" width=\"150\" height=\"150\" \/><\/a><a href=\"https:\/\/agora.xtec.cat\/ceip-falba\/wp-content\/uploads\/usu658\/2026\/02\/20260121_103927-scaled.jpg\"><img loading=\"lazy\" decoding=\"async\" class=\"alignnone size-thumbnail wp-image-13489\" src=\"https:\/\/agora.xtec.cat\/ceip-falba\/wp-content\/uploads\/usu658\/2026\/02\/20260121_103927-150x150.jpg\" alt=\"\" width=\"150\" height=\"150\" \/><\/a><a href=\"https:\/\/agora.xtec.cat\/ceip-falba\/wp-content\/uploads\/usu658\/2026\/02\/20260121_103918-scaled.jpg\"><img loading=\"lazy\" decoding=\"async\" class=\"alignnone size-thumbnail wp-image-13490\" src=\"https:\/\/agora.xtec.cat\/ceip-falba\/wp-content\/uploads\/usu658\/2026\/02\/20260121_103918-150x150.jpg\" alt=\"\" width=\"150\" height=\"150\" \/><\/a><a href=\"https:\/\/agora.xtec.cat\/ceip-falba\/wp-content\/uploads\/usu658\/2026\/02\/20251028_154000-scaled.jpg\"><img loading=\"lazy\" decoding=\"async\" class=\"alignnone size-thumbnail wp-image-13491\" src=\"https:\/\/agora.xtec.cat\/ceip-falba\/wp-content\/uploads\/usu658\/2026\/02\/20251028_154000-150x150.jpg\" alt=\"\" width=\"150\" height=\"150\" \/><\/a><a href=\"https:\/\/agora.xtec.cat\/ceip-falba\/wp-content\/uploads\/usu658\/2026\/02\/20251028_153702-scaled.jpg\"><img loading=\"lazy\" decoding=\"async\" class=\"alignnone size-thumbnail wp-image-13492\" src=\"https:\/\/agora.xtec.cat\/ceip-falba\/wp-content\/uploads\/usu658\/2026\/02\/20251028_153702-150x150.jpg\" alt=\"\" width=\"150\" height=\"150\" \/><\/a><\/p>\n<p data-start=\"844\" data-end=\"1294\">Hem conegut la classificaci\u00f3 dels aliments, la pir\u00e0mide aliment\u00e0ria i les diferents funcions que tenen: aportar energia, ajudar-nos a cr\u00e9ixer i protegir la nostra salut. Tot aquest aprenentatge s\u2019ha complementat amb activitats pr\u00e0ctiques a l\u2019hort de l\u2019escola, on l\u2019alumnat ha pogut observar, cuidar i valorar els aliments d\u2019origen vegetal, prenent consci\u00e8ncia d\u2019on provenen els aliments i de la import\u00e0ncia de consumir productes frescos i saludables.<\/p>\n<p data-start=\"1296\" data-end=\"1606\">Com a tancament del projecte, l\u2019alumnat ha preparat una exposici\u00f3 oral que ha volgut compartir amb els nens i nenes de primer. D\u2019aquesta manera, han pogut explicar tot el que han apr\u00e8s, refor\u00e7ar els seus coneixements i desenvolupar habilitats comunicatives, alhora que es fomentava l\u2019aprenentatge entre iguals.<!--more--><\/p>\n","protected":false},"excerpt":{"rendered":"<p>A partir d\u2019aquesta pregunta, l\u2019alumnat de 2n ha treballat un context molt proper i motivador per reflexionar sobre la import\u00e0ncia d\u2019una alimentaci\u00f3 saludable. Ens hem preguntat qu\u00e8 passaria si la nostra dieta es bas\u00e9s nom\u00e9s en llaminadures i hem descobert que, tot i que s\u00f3n&hellip;  <a href=\"https:\/\/agora.xtec.cat\/ceip-falba\/portada\/que-passaria-si-mengessim-cada-dia-llaminadures\/\" title=\"Read Qu\u00e8 passaria si meng\u00e9ssim cada dia llaminadures?\">Llegeix m\u00e9s\u00bb<\/a><\/p>\n","protected":false},"author":61,"featured_media":13488,"comment_status":"closed","ping_status":"open","sticky":false,"template":"","format":"standard","meta":{"_bbp_topic_count":0,"_bbp_reply_count":0,"_bbp_total_topic_count":0,"_bbp_total_reply_count":0,"_bbp_voice_count":0,"_bbp_anonymous_reply_count":0,"_bbp_topic_count_hidden":0,"_bbp_reply_count_hidden":0,"_bbp_forum_subforum_count":0,"footnotes":""},"categories":[11,442,453,572,4,5],"tags":[],"class_list":["post-13484","post","type-post","status-publish","format-standard","has-post-thumbnail","hentry","category-2n","category-comunitat-mitjana","category-contextos-daprenentatge","category-curs-2025-26","category-portada","category-primaria"],"post_mailing_queue_ids":[],"_links":{"self":[{"href":"https:\/\/agora.xtec.cat\/ceip-falba\/wp-json\/wp\/v2\/posts\/13484","targetHints":{"allow":["GET"]}}],"collection":[{"href":"https:\/\/agora.xtec.cat\/ceip-falba\/wp-json\/wp\/v2\/posts"}],"about":[{"href":"https:\/\/agora.xtec.cat\/ceip-falba\/wp-json\/wp\/v2\/types\/post"}],"author":[{"embeddable":true,"href":"https:\/\/agora.xtec.cat\/ceip-falba\/wp-json\/wp\/v2\/users\/61"}],"replies":[{"embeddable":true,"href":"https:\/\/agora.xtec.cat\/ceip-falba\/wp-json\/wp\/v2\/comments?post=13484"}],"version-history":[{"count":3,"href":"https:\/\/agora.xtec.cat\/ceip-falba\/wp-json\/wp\/v2\/posts\/13484\/revisions"}],"predecessor-version":[{"id":13497,"href":"https:\/\/agora.xtec.cat\/ceip-falba\/wp-json\/wp\/v2\/posts\/13484\/revisions\/13497"}],"wp:featuredmedia":[{"embeddable":true,"href":"https:\/\/agora.xtec.cat\/ceip-falba\/wp-json\/wp\/v2\/media\/13488"}],"wp:attachment":[{"href":"https:\/\/agora.xtec.cat\/ceip-falba\/wp-json\/wp\/v2\/media?parent=13484"}],"wp:term":[{"taxonomy":"category","embeddable":true,"href":"https:\/\/agora.xtec.cat\/ceip-falba\/wp-json\/wp\/v2\/categories?post=13484"},{"taxonomy":"post_tag","embeddable":true,"href":"https:\/\/agora.xtec.cat\/ceip-falba\/wp-json\/wp\/v2\/tags?post=13484"}],"curies":[{"name":"wp","href":"https:\/\/api.w.org\/{rel}","templated":true}]}}