{"id":13446,"date":"2026-02-06T17:38:01","date_gmt":"2026-02-06T16:38:01","guid":{"rendered":"https:\/\/agora.xtec.cat\/ceip-falba\/?p=13446"},"modified":"2026-02-06T17:38:01","modified_gmt":"2026-02-06T16:38:01","slug":"fdn-no816","status":"publish","type":"post","link":"https:\/\/agora.xtec.cat\/ceip-falba\/general\/fdn-no816\/","title":{"rendered":"FdN n\u00ba816"},"content":{"rendered":"<p><a href=\"https:\/\/drive.google.com\/file\/d\/1V7WduRwC-qFGfiltugpf3_fg6K2WLZhB\/view?usp=sharing\"><img loading=\"lazy\" decoding=\"async\" class=\"aligncenter wp-image-13447 size-full\" src=\"https:\/\/agora.xtec.cat\/ceip-falba\/wp-content\/uploads\/usu658\/2026\/02\/Captura-de-pantalla-2026-02-06-172622.png\" alt=\"\" width=\"732\" height=\"630\" srcset=\"https:\/\/agora.xtec.cat\/ceip-falba\/wp-content\/uploads\/usu658\/2026\/02\/Captura-de-pantalla-2026-02-06-172622.png 732w, https:\/\/agora.xtec.cat\/ceip-falba\/wp-content\/uploads\/usu658\/2026\/02\/Captura-de-pantalla-2026-02-06-172622-300x258.png 300w\" sizes=\"auto, (max-width: 732px) 100vw, 732px\" \/><\/a><\/p>\n","protected":false},"excerpt":{"rendered":"<p>Tota la informaci\u00f3 sobre les activitats que realitzarem per celebrar el Carnestoltes, com s\u00f3n les consignes que els missatgers i missatgeres del Rei Carnestoltes ens han deixat per la setmana boja, dates importants sobre la preinscripci\u00f3 i informaci\u00f3 de la vaga educativa que hi haur\u00e0 el dia 11 de febrer, s\u00f3n els temes que trobareu al font de not\u00edcies d&#8217;avui. Que tingueu un bon cap de setmana!&hellip;  <a href=\"https:\/\/agora.xtec.cat\/ceip-falba\/general\/fdn-no816\/\" title=\"Read FdN n\u00ba816\">Llegeix m\u00e9s\u00bb<\/a><\/p>\n","protected":false},"author":1,"featured_media":13447,"comment_status":"closed","ping_status":"open","sticky":false,"template":"","format":"standard","meta":{"_bbp_topic_count":0,"_bbp_reply_count":0,"_bbp_total_topic_count":0,"_bbp_total_reply_count":0,"_bbp_voice_count":0,"_bbp_anonymous_reply_count":0,"_bbp_topic_count_hidden":0,"_bbp_reply_count_hidden":0,"_bbp_forum_subforum_count":0,"footnotes":""},"categories":[450,572,35,49,1,2,31,4,5],"tags":[],"class_list":["post-13446","post","type-post","status-publish","format-standard","has-post-thumbnail","hentry","category-carnaval","category-curs-2025-26","category-festes","category-font-de-noticies","category-general","category-infantil","category-matriculacio","category-portada","category-primaria"],"post_mailing_queue_ids":[],"_links":{"self":[{"href":"https:\/\/agora.xtec.cat\/ceip-falba\/wp-json\/wp\/v2\/posts\/13446","targetHints":{"allow":["GET"]}}],"collection":[{"href":"https:\/\/agora.xtec.cat\/ceip-falba\/wp-json\/wp\/v2\/posts"}],"about":[{"href":"https:\/\/agora.xtec.cat\/ceip-falba\/wp-json\/wp\/v2\/types\/post"}],"author":[{"embeddable":true,"href":"https:\/\/agora.xtec.cat\/ceip-falba\/wp-json\/wp\/v2\/users\/1"}],"replies":[{"embeddable":true,"href":"https:\/\/agora.xtec.cat\/ceip-falba\/wp-json\/wp\/v2\/comments?post=13446"}],"version-history":[{"count":2,"href":"https:\/\/agora.xtec.cat\/ceip-falba\/wp-json\/wp\/v2\/posts\/13446\/revisions"}],"predecessor-version":[{"id":13449,"href":"https:\/\/agora.xtec.cat\/ceip-falba\/wp-json\/wp\/v2\/posts\/13446\/revisions\/13449"}],"wp:featuredmedia":[{"embeddable":true,"href":"https:\/\/agora.xtec.cat\/ceip-falba\/wp-json\/wp\/v2\/media\/13447"}],"wp:attachment":[{"href":"https:\/\/agora.xtec.cat\/ceip-falba\/wp-json\/wp\/v2\/media?parent=13446"}],"wp:term":[{"taxonomy":"category","embeddable":true,"href":"https:\/\/agora.xtec.cat\/ceip-falba\/wp-json\/wp\/v2\/categories?post=13446"},{"taxonomy":"post_tag","embeddable":true,"href":"https:\/\/agora.xtec.cat\/ceip-falba\/wp-json\/wp\/v2\/tags?post=13446"}],"curies":[{"name":"wp","href":"https:\/\/api.w.org\/{rel}","templated":true}]}}