{"id":13443,"date":"2026-02-05T13:10:28","date_gmt":"2026-02-05T12:10:28","guid":{"rendered":"https:\/\/agora.xtec.cat\/ceip-falba\/?p=13443"},"modified":"2026-02-05T13:10:28","modified_gmt":"2026-02-05T12:10:28","slug":"cantania-2026-fem-un-videopodcast","status":"publish","type":"post","link":"https:\/\/agora.xtec.cat\/ceip-falba\/portada\/cantania-2026-fem-un-videopodcast\/","title":{"rendered":"Cantania 2026, fem un videopodcast!"},"content":{"rendered":"<p data-start=\"104\" data-end=\"381\">Us volem presentar el videop\u00f2dcast que iniciem amb 5\u00e8, en el marc del projecte Cant\u00e0nia 2026: L\u2019\u00faltim rellotge. Comencem aquesta iniciativa amb l\u2019objectiu de mostrar-vos tot aquest proc\u00e9s d\u2019aprenentatge i escoltar la veu dels alumnes, que ens ho explicaran pas a pas.<\/p>\n<p data-start=\"383\" data-end=\"717\">Ens compartiran els m\u00faltiples aprenentatges que es deriven del cant col\u00b7lectiu. El videop\u00f2dcast ens ajuda a millorar l\u2019expressi\u00f3 oral i a prendre consci\u00e8ncia del que estem aprenent per poder-ho explicar, alhora que refor\u00e7a l\u2019\u00e0mbit audiovisual, molt caracter\u00edstic de la nostra escola i treballat de manera transversal amb altres \u00e0rees.<\/p>\n<p data-start=\"719\" data-end=\"1091\">Reflexionarem sobre les experi\u00e8ncies viscudes i sobre com anem avan\u00e7ant perqu\u00e8 vosaltres, les fam\u00edlies, pugueu venir al concert sabent tot el que ha passat durant aquests mesos i, finalment, veure\u2019n el resultat: el concert a l\u2019Auditori de Barcelona.<\/p>\n<p data-start=\"1093\" data-end=\"1173\">Estigueu ben atents, perqu\u00e8 l\u2019episodi 1 est\u00e0 a punt de veure la llum!<\/p>\n<p data-start=\"1093\" data-end=\"1173\">I recordeu la data del concert de la Cantania: <strong>5 de juny a les 11:30\u00a0 a l&#8217;Auditori de Barcelona!<\/strong><\/p>\n<p data-start=\"1093\" data-end=\"1173\">\n<p style=\"text-align: center;\" data-start=\"1093\" data-end=\"1173\"><iframe loading=\"lazy\" src=\"\/\/www.youtube.com\/embed\/O--60tW5YxA\" width=\"560\" height=\"314\" allowfullscreen=\"allowfullscreen\"><\/iframe><\/p>\n<p>&nbsp;<\/p>\n","protected":false},"excerpt":{"rendered":"<p>Us volem presentar el Videopodcast que comencem amb 5\u00e8, en el marc del projecte Cantania 2026: &#8220;L&#8217;\u00faltim rellotge&#8221;.&hellip;  <a href=\"https:\/\/agora.xtec.cat\/ceip-falba\/portada\/cantania-2026-fem-un-videopodcast\/\" title=\"Read Cantania 2026, fem un videopodcast!\">Llegeix m\u00e9s\u00bb<\/a><\/p>\n","protected":false},"author":92,"featured_media":13444,"comment_status":"closed","ping_status":"open","sticky":false,"template":"","format":"standard","meta":{"_bbp_topic_count":0,"_bbp_reply_count":0,"_bbp_total_topic_count":0,"_bbp_total_reply_count":0,"_bbp_voice_count":0,"_bbp_anonymous_reply_count":0,"_bbp_topic_count_hidden":0,"_bbp_reply_count_hidden":0,"_bbp_forum_subforum_count":0,"footnotes":""},"categories":[14,464,445,572,34,507,4],"tags":[],"class_list":["post-13443","post","type-post","status-publish","format-standard","has-post-thumbnail","hentry","category-5e","category-cantania","category-comunitat-gran","category-curs-2025-26","category-musica","category-musica-2","category-portada"],"post_mailing_queue_ids":[],"_links":{"self":[{"href":"https:\/\/agora.xtec.cat\/ceip-falba\/wp-json\/wp\/v2\/posts\/13443","targetHints":{"allow":["GET"]}}],"collection":[{"href":"https:\/\/agora.xtec.cat\/ceip-falba\/wp-json\/wp\/v2\/posts"}],"about":[{"href":"https:\/\/agora.xtec.cat\/ceip-falba\/wp-json\/wp\/v2\/types\/post"}],"author":[{"embeddable":true,"href":"https:\/\/agora.xtec.cat\/ceip-falba\/wp-json\/wp\/v2\/users\/92"}],"replies":[{"embeddable":true,"href":"https:\/\/agora.xtec.cat\/ceip-falba\/wp-json\/wp\/v2\/comments?post=13443"}],"version-history":[{"count":1,"href":"https:\/\/agora.xtec.cat\/ceip-falba\/wp-json\/wp\/v2\/posts\/13443\/revisions"}],"predecessor-version":[{"id":13445,"href":"https:\/\/agora.xtec.cat\/ceip-falba\/wp-json\/wp\/v2\/posts\/13443\/revisions\/13445"}],"wp:featuredmedia":[{"embeddable":true,"href":"https:\/\/agora.xtec.cat\/ceip-falba\/wp-json\/wp\/v2\/media\/13444"}],"wp:attachment":[{"href":"https:\/\/agora.xtec.cat\/ceip-falba\/wp-json\/wp\/v2\/media?parent=13443"}],"wp:term":[{"taxonomy":"category","embeddable":true,"href":"https:\/\/agora.xtec.cat\/ceip-falba\/wp-json\/wp\/v2\/categories?post=13443"},{"taxonomy":"post_tag","embeddable":true,"href":"https:\/\/agora.xtec.cat\/ceip-falba\/wp-json\/wp\/v2\/tags?post=13443"}],"curies":[{"name":"wp","href":"https:\/\/api.w.org\/{rel}","templated":true}]}}