{"id":13440,"date":"2026-02-01T19:55:56","date_gmt":"2026-02-01T18:55:56","guid":{"rendered":"https:\/\/agora.xtec.cat\/ceip-falba\/?p=13440"},"modified":"2026-02-01T19:57:17","modified_gmt":"2026-02-01T18:57:17","slug":"comunitat-mitjana-visita-el-batec-del-temps","status":"publish","type":"post","link":"https:\/\/agora.xtec.cat\/ceip-falba\/general\/comunitat-mitjana-visita-el-batec-del-temps\/","title":{"rendered":"Comunitat Mitjana visita &#8220;El batec del temps&#8221;"},"content":{"rendered":"<p>La comunitat mitjana ha visitat l&#8217;exposici\u00f3 immersiva &#8220;El batec del temps&#8221;. Una experi\u00e8ncia virtual \u00fanica creada per M\u00fatua Terrassa, on hem compartit un relat ple d&#8217;hist\u00f2ria, tecnologia i innovaci\u00f3, i on hem pogut con\u00e8ixer el passat, present i futur de la nostra ciutat amb un fil conductor: les persones.<\/p>\n<p>Ha estat una experi\u00e8ncia inolvidable per a tots i totes nosaltres, hem gaudit molt i ens ho hem passat d&#8217;all\u00f2 m\u00e9s b\u00e9. Ens hem quedat amb ganes de repetir!<\/p>\n<p>Us compartim <a href=\"https:\/\/drive.google.com\/drive\/folders\/1PJEtJq9C4aI1K0KjbYHTSaFiWLuXpiOX?usp=sharing\">aqu\u00ed<\/a> les imatges d&#8217;aquesta activitat.<\/p>\n","protected":false},"excerpt":{"rendered":"<p>La comunitat mitjana ha visitat l&#8217;exposici\u00f3 immersiva &#8220;El batec del temps&#8221;. Una experi\u00e8ncia virtual \u00fanica creada per M\u00fatua Terrassa, on hem compartit un relat ple d&#8217;hist\u00f2ria, tecnologia i innovaci\u00f3, i on hem pogut con\u00e8ixer el passat, present i futur de la nostra ciutat amb un&hellip;  <a href=\"https:\/\/agora.xtec.cat\/ceip-falba\/general\/comunitat-mitjana-visita-el-batec-del-temps\/\" title=\"Read Comunitat Mitjana visita &#8220;El batec del temps&#8221;\">Llegeix m\u00e9s\u00bb<\/a><\/p>\n","protected":false},"author":8,"featured_media":13441,"comment_status":"closed","ping_status":"open","sticky":false,"template":"","format":"standard","meta":{"_bbp_topic_count":0,"_bbp_reply_count":0,"_bbp_total_topic_count":0,"_bbp_total_reply_count":0,"_bbp_voice_count":0,"_bbp_anonymous_reply_count":0,"_bbp_topic_count_hidden":0,"_bbp_reply_count_hidden":0,"_bbp_forum_subforum_count":0,"footnotes":""},"categories":[10,11,12,442,572,1,4,5],"tags":[],"class_list":["post-13440","post","type-post","status-publish","format-standard","has-post-thumbnail","hentry","category-1r","category-2n","category-3r","category-comunitat-mitjana","category-curs-2025-26","category-general","category-portada","category-primaria"],"post_mailing_queue_ids":[],"_links":{"self":[{"href":"https:\/\/agora.xtec.cat\/ceip-falba\/wp-json\/wp\/v2\/posts\/13440","targetHints":{"allow":["GET"]}}],"collection":[{"href":"https:\/\/agora.xtec.cat\/ceip-falba\/wp-json\/wp\/v2\/posts"}],"about":[{"href":"https:\/\/agora.xtec.cat\/ceip-falba\/wp-json\/wp\/v2\/types\/post"}],"author":[{"embeddable":true,"href":"https:\/\/agora.xtec.cat\/ceip-falba\/wp-json\/wp\/v2\/users\/8"}],"replies":[{"embeddable":true,"href":"https:\/\/agora.xtec.cat\/ceip-falba\/wp-json\/wp\/v2\/comments?post=13440"}],"version-history":[{"count":1,"href":"https:\/\/agora.xtec.cat\/ceip-falba\/wp-json\/wp\/v2\/posts\/13440\/revisions"}],"predecessor-version":[{"id":13442,"href":"https:\/\/agora.xtec.cat\/ceip-falba\/wp-json\/wp\/v2\/posts\/13440\/revisions\/13442"}],"wp:featuredmedia":[{"embeddable":true,"href":"https:\/\/agora.xtec.cat\/ceip-falba\/wp-json\/wp\/v2\/media\/13441"}],"wp:attachment":[{"href":"https:\/\/agora.xtec.cat\/ceip-falba\/wp-json\/wp\/v2\/media?parent=13440"}],"wp:term":[{"taxonomy":"category","embeddable":true,"href":"https:\/\/agora.xtec.cat\/ceip-falba\/wp-json\/wp\/v2\/categories?post=13440"},{"taxonomy":"post_tag","embeddable":true,"href":"https:\/\/agora.xtec.cat\/ceip-falba\/wp-json\/wp\/v2\/tags?post=13440"}],"curies":[{"name":"wp","href":"https:\/\/api.w.org\/{rel}","templated":true}]}}