{"id":13436,"date":"2026-01-12T09:00:32","date_gmt":"2026-01-12T08:00:32","guid":{"rendered":"https:\/\/agora.xtec.cat\/ceip-falba\/?p=13436"},"modified":"2026-01-30T20:55:43","modified_gmt":"2026-01-30T19:55:43","slug":"cm-tornem-a-classe","status":"publish","type":"post","link":"https:\/\/agora.xtec.cat\/ceip-falba\/portada\/cm-tornem-a-classe\/","title":{"rendered":"CM Tornem a classe!"},"content":{"rendered":"<p data-start=\"103\" data-end=\"414\">La tornada a l\u2019escola despr\u00e9s de les vacances de Nadal sempre \u00e9s especial, per\u00f2 encara ho \u00e9s m\u00e9s quan, sota l\u2019arbre de l\u2019escola, ens esperen sorpreses plenes d\u2019il\u00b7lusi\u00f3. Els nens i nenes de la Comunitat Mitjana han comen\u00e7at el trimestre amb regals que han omplert les aules de somriures, emoci\u00f3 i molta alegria.<\/p>\n<p data-start=\"416\" data-end=\"785\">A m\u00e9s, hem gaudit d\u2019una tarda molt especial per compartir aquests obsequis amb els companys i companyes, portar a l\u2019escola les nostres joguines preferides i viure plegats moments de joc, conversa i complicitat. Espais com aquests ens permeten refor\u00e7ar vincles, aprendre a compartir i continuar construint una comunitat basada en el respecte, l\u2019amistat i la conviv\u00e8ncia.<\/p>\n<p data-start=\"787\" data-end=\"842\">Sens dubte, una manera preciosa de comen\u00e7ar el nou any! <a href=\"https:\/\/drive.google.com\/drive\/folders\/1AFVORk8PY_GAcjOYNMdgV2g7oBlPwHIR?usp=share_link\">Mireu les fotos!<\/a><\/p>\n","protected":false},"excerpt":{"rendered":"<p>La tornada a l\u2019escola despr\u00e9s de les vacances de Nadal sempre \u00e9s especial, per\u00f2 encara ho \u00e9s m\u00e9s quan, sota l\u2019arbre de l\u2019escola, ens esperen sorpreses plenes d\u2019il\u00b7lusi\u00f3. Els nens i nenes de la Comunitat Mitjana han comen\u00e7at el trimestre amb regals que han omplert&hellip;  <a href=\"https:\/\/agora.xtec.cat\/ceip-falba\/portada\/cm-tornem-a-classe\/\" title=\"Read CM Tornem a classe!\">Llegeix m\u00e9s\u00bb<\/a><\/p>\n","protected":false},"author":1,"featured_media":13437,"comment_status":"closed","ping_status":"open","sticky":false,"template":"","format":"standard","meta":{"_bbp_topic_count":0,"_bbp_reply_count":0,"_bbp_total_topic_count":0,"_bbp_total_reply_count":0,"_bbp_voice_count":0,"_bbp_anonymous_reply_count":0,"_bbp_topic_count_hidden":0,"_bbp_reply_count_hidden":0,"_bbp_forum_subforum_count":0,"footnotes":""},"categories":[10,11,12,442,572,157,4],"tags":[],"class_list":["post-13436","post","type-post","status-publish","format-standard","has-post-thumbnail","hentry","category-1r","category-2n","category-3r","category-comunitat-mitjana","category-curs-2025-26","category-nadal","category-portada"],"post_mailing_queue_ids":[],"_links":{"self":[{"href":"https:\/\/agora.xtec.cat\/ceip-falba\/wp-json\/wp\/v2\/posts\/13436","targetHints":{"allow":["GET"]}}],"collection":[{"href":"https:\/\/agora.xtec.cat\/ceip-falba\/wp-json\/wp\/v2\/posts"}],"about":[{"href":"https:\/\/agora.xtec.cat\/ceip-falba\/wp-json\/wp\/v2\/types\/post"}],"author":[{"embeddable":true,"href":"https:\/\/agora.xtec.cat\/ceip-falba\/wp-json\/wp\/v2\/users\/1"}],"replies":[{"embeddable":true,"href":"https:\/\/agora.xtec.cat\/ceip-falba\/wp-json\/wp\/v2\/comments?post=13436"}],"version-history":[{"count":2,"href":"https:\/\/agora.xtec.cat\/ceip-falba\/wp-json\/wp\/v2\/posts\/13436\/revisions"}],"predecessor-version":[{"id":13439,"href":"https:\/\/agora.xtec.cat\/ceip-falba\/wp-json\/wp\/v2\/posts\/13436\/revisions\/13439"}],"wp:featuredmedia":[{"embeddable":true,"href":"https:\/\/agora.xtec.cat\/ceip-falba\/wp-json\/wp\/v2\/media\/13437"}],"wp:attachment":[{"href":"https:\/\/agora.xtec.cat\/ceip-falba\/wp-json\/wp\/v2\/media?parent=13436"}],"wp:term":[{"taxonomy":"category","embeddable":true,"href":"https:\/\/agora.xtec.cat\/ceip-falba\/wp-json\/wp\/v2\/categories?post=13436"},{"taxonomy":"post_tag","embeddable":true,"href":"https:\/\/agora.xtec.cat\/ceip-falba\/wp-json\/wp\/v2\/tags?post=13436"}],"curies":[{"name":"wp","href":"https:\/\/api.w.org\/{rel}","templated":true}]}}