{"id":13420,"date":"2026-01-16T19:40:16","date_gmt":"2026-01-16T18:40:16","guid":{"rendered":"https:\/\/agora.xtec.cat\/ceip-falba\/?p=13420"},"modified":"2026-01-16T19:41:56","modified_gmt":"2026-01-16T18:41:56","slug":"la-prehistoria-2","status":"publish","type":"post","link":"https:\/\/agora.xtec.cat\/ceip-falba\/general\/la-prehistoria-2\/","title":{"rendered":"5\u00e8 La Prehist\u00f2ria"},"content":{"rendered":"<p>Els nens i nenes de <strong>5\u00e8 <\/strong> han treballat durant el primer trimestre el context de <strong>la Prehist\u00f2ria.<\/strong> Han apr\u00e8s: com vivien els primers humans, qu\u00e8 menjaven i com es van anar adaptant al seu entorn.<\/p>\n<p>A m\u00e9s, han realitzat activitats molt creatives, com una maqueta d&#8217;un poblat, pintures rupestres, escultures, eines i joies prehist\u00f2riques i, fins i tot, han cantat i representat L\u2019home de Gromany\u00f3.<\/p>\n<p>Tota aquesta feina l&#8217;han compartit amb les seves fam\u00edlies, fent una exposici\u00f3 que ha estat tot un \u00e8xit.<\/p>\n<p>Si voleu veure tota la feina que han realitzat podeu mirar les fotografies en el seg\u00fcent enlla\u00e7.<\/p>\n<p><a href=\"https:\/\/drive.google.com\/drive\/folders\/11CwjbLkeDNCixG4c1qslzOhrKDBQKqTM?usp=drive_link\">La Prehist\u00f2ria<\/a><\/p>\n","protected":false},"excerpt":{"rendered":"<p>Els nens i nenes de 5\u00e8  han treballat durant el primer trimestre el context de la Prehist\u00f2ria. Han apr\u00e8s: com vivien els primers humans, qu\u00e8 menjaven i com es van anar adaptant al seu entorn.<br \/>\nA m\u00e9s, han realitzat activitats molt creatives, com una maqueta&hellip;  <a href=\"https:\/\/agora.xtec.cat\/ceip-falba\/general\/la-prehistoria-2\/\" title=\"Read 5\u00e8 La Prehist\u00f2ria\">Llegeix m\u00e9s\u00bb<\/a><\/p>\n","protected":false},"author":94,"featured_media":13421,"comment_status":"closed","ping_status":"open","sticky":false,"template":"","format":"standard","meta":{"_bbp_topic_count":0,"_bbp_reply_count":0,"_bbp_total_topic_count":0,"_bbp_total_reply_count":0,"_bbp_voice_count":0,"_bbp_anonymous_reply_count":0,"_bbp_topic_count_hidden":0,"_bbp_reply_count_hidden":0,"_bbp_forum_subforum_count":0,"footnotes":""},"categories":[14,527,445,453,572,1,4,5],"tags":[],"class_list":["post-13420","post","type-post","status-publish","format-standard","has-post-thumbnail","hentry","category-5e","category-art","category-comunitat-gran","category-contextos-daprenentatge","category-curs-2025-26","category-general","category-portada","category-primaria"],"post_mailing_queue_ids":[],"_links":{"self":[{"href":"https:\/\/agora.xtec.cat\/ceip-falba\/wp-json\/wp\/v2\/posts\/13420","targetHints":{"allow":["GET"]}}],"collection":[{"href":"https:\/\/agora.xtec.cat\/ceip-falba\/wp-json\/wp\/v2\/posts"}],"about":[{"href":"https:\/\/agora.xtec.cat\/ceip-falba\/wp-json\/wp\/v2\/types\/post"}],"author":[{"embeddable":true,"href":"https:\/\/agora.xtec.cat\/ceip-falba\/wp-json\/wp\/v2\/users\/94"}],"replies":[{"embeddable":true,"href":"https:\/\/agora.xtec.cat\/ceip-falba\/wp-json\/wp\/v2\/comments?post=13420"}],"version-history":[{"count":3,"href":"https:\/\/agora.xtec.cat\/ceip-falba\/wp-json\/wp\/v2\/posts\/13420\/revisions"}],"predecessor-version":[{"id":13425,"href":"https:\/\/agora.xtec.cat\/ceip-falba\/wp-json\/wp\/v2\/posts\/13420\/revisions\/13425"}],"wp:featuredmedia":[{"embeddable":true,"href":"https:\/\/agora.xtec.cat\/ceip-falba\/wp-json\/wp\/v2\/media\/13421"}],"wp:attachment":[{"href":"https:\/\/agora.xtec.cat\/ceip-falba\/wp-json\/wp\/v2\/media?parent=13420"}],"wp:term":[{"taxonomy":"category","embeddable":true,"href":"https:\/\/agora.xtec.cat\/ceip-falba\/wp-json\/wp\/v2\/categories?post=13420"},{"taxonomy":"post_tag","embeddable":true,"href":"https:\/\/agora.xtec.cat\/ceip-falba\/wp-json\/wp\/v2\/tags?post=13420"}],"curies":[{"name":"wp","href":"https:\/\/api.w.org\/{rel}","templated":true}]}}